{"id":1407,"date":"2017-11-09T20:27:14","date_gmt":"2017-11-09T20:27:14","guid":{"rendered":"https:\/\/cuidadoresdelacasacomun.org\/sitio\/?p=1407"},"modified":"2019-05-17T20:31:34","modified_gmt":"2019-05-17T20:31:34","slug":"cuidadores-de-la-casa-comun-recibio-el-poliedro-por-la-paz","status":"publish","type":"post","link":"https:\/\/cuidadoresdelacasacomun.org\/sitio\/cuidadores-de-la-casa-comun-recibio-el-poliedro-por-la-paz\/","title":{"rendered":"Cuidadores de la Casa Com\u00fan recibi\u00f3 el \u201cPoliedro por la Paz\u201d"},"content":{"rendered":"\n<p>Fue distinguido con el <strong>\u201cPoliedro por la Paz<\/strong>\u201d el proyecto <strong>Cuidadores de la Casa Com\u00fan<\/strong>, en la categor\u00eda Cuidado de la Creaci\u00f3n, por la Comisi\u00f3n Nacional Justicia y Paz (CNJP), organismo de la Conferencia Episcopal Argentina. El  premio reconoce al trabajo por la paz y a su promoci\u00f3n en diversas dimensiones, con el fin de motivar a toda la comunidad para que haya m\u00e1s actores comprometidos con la paz en el mundo.  <\/p>\n\n\n\n<p>En el Sal\u00f3n Libertador de la canciller\u00eda argentina se desarroll\u00f3 el acto con la concurrencia de numeroso p\u00fablico, entre ellos estuvieron presentes integrantes de Cuidadores. <strong>Joaqu\u00edn Coconi<\/strong> fue quien agradeci\u00f3 la nominaci\u00f3n en nombre del Coordinador del proyecto a nivel nacional Mons. Jorge Lugones, Obispo de Lomas de Zamora, quien no pudo concurrir por encontrarse en la Conferencia Episcopal Argentina.  <\/p>\n\n\n\n<blockquote class=\"wp-block-quote is-layout-flow wp-block-quote-is-layout-flow\"><p>Joaqu\u00edn Coconi indic\u00f3 que: \u201cCuidadores se inspira en la Carta Enc\u00edclica Laudato S\u00ed, del papa Francisco y tiene por objetivo principal generar oportunidades de trabajo digno a j\u00f3venes en situaci\u00f3n de extrema vulnerabilidad\u201d.<\/p><\/blockquote>\n\n\n\n<p>Se\u00f1al\u00f3 adem\u00e1s que el proyecto promueve en todo el pa\u00eds el desarrollo de tareas de concientizaci\u00f3n, cuidado y defensa de la Casa Com\u00fan, tales como trabajo con la tierra: forestaci\u00f3n, huertas agroecol\u00f3gicas y cultivo de flores; reciclado: procesamiento de residuos de pl\u00e1stico, aparatos el\u00e9ctricos y electr\u00f3nicos, pilas; energ\u00edas limpias: calefones y usinas solares; alimentaci\u00f3n saludable y productos e industrias culturales.  <\/p>\n\n\n\n<p>Para hacer realidad estos prop\u00f3sitos se suscribieron convenios con universidades,  instituciones del estado y organismos de la sociedad civil, dijo Joaqu\u00edn Coconi y a modo de ejemplo mencion\u00f3 \u201cEl acuerdo con AUBASA por el cual los j\u00f3venes mediante pr\u00e1cticas rentadas, realizan la forestaci\u00f3n en autopistas que administra la empresa, hasta el momento se plantaron 1000 \u00e1lamos. Previamente los Cuidadores realizaron un proceso de capacitaci\u00f3n t\u00e9cnica en la Estaci\u00f3n Forestal del INTA de 25 de Mayo\u201d.   <\/p>\n\n\n\n<p>\u201c<strong>Ni la esfera global que anula ni la parcialidad aislada que castra\u201d<\/strong><\/p>\n\n\n\n<p>La ceremonia de entrega de las distinciones cont\u00f3 con la presencia de la vicepresidenta Gabriela Michetti, miembros de la Comisi\u00f3n Nacional Justicia y Paz, autoridades de la canciller\u00eda argentina, referentes e integrantes de distintas organizaciones sociales.<\/p>\n\n\n\n<p>En la oportunidad el Presidente de la CNJP, Emilio Inzaurraga  explic\u00f3 que el objetivo de la premiaci\u00f3n es motivar a toda la comunidad para multiplicar actores que se comprometan por la paz en todo el mundo. Adem\u00e1s expres\u00f3 que el papa Francisco propone la imagen del poliedro, \u201cni la esfera global que anula ni la parcialidad aislada que castra\u201d.<\/p>\n\n\n\n<p>Para recordar los conceptos sobre el tema de la globalizaci\u00f3n se proyect\u00f3 un video donde el Papa Francisco explic\u00f3 que: \u201cEl modelo a seguir no es la esfera, en la que se nivela cada relieve y desaparece cada diferencia, el modelo en cambio es el poliedro, que incluye una multiplicidad de elementos y respeta la unidad en la variedad\u201d. El Santo Padre sostuvo que desde el poliedro social es posible tomar lo mejor de cada persona, proceder a la armonizaci\u00f3n de cada arista y construir juntos la paz, ampliando la mirada para reconocer un bien mayor para todos.<\/p>\n\n\n\n<p>Para la Comisi\u00f3n \u201cEn la actualidad el eje de los modelos se debate entre aquellos que manipulan la globalizaci\u00f3n para alimentar monopolios y quienes proponemos e impulsamos la globalizaci\u00f3n de la democracia solidaria, la justicia, la econom\u00eda con rostro y el respeto por los derechos humanos\u201d.<\/p>\n\n\n\n<p>A esta distinci\u00f3n fueron propuestos referentes sociales, instituciones y\/o organizaciones sociales que desarrollan su actividad en el territorio nacional, en las categor\u00edas Cuidado de la Creaci\u00f3n; Defensa de la Dignidad Humana; Desarrollo Humano Integral; Resoluci\u00f3n de conflictos; Educaci\u00f3n para la paz; Convivencia y amistad social; Compromiso ciudadano.  <\/p>\n\n\n\n<p><\/p>\n\n\n\n<ul class=\"wp-block-gallery columns-2 is-cropped wp-block-gallery-1 is-layout-flex wp-block-gallery-is-layout-flex\"><li class=\"blocks-gallery-item\"><figure><img fetchpriority=\"high\" decoding=\"async\" width=\"1280\" height=\"960\" data-attachment-id=\"1408\" data-permalink=\"https:\/\/cuidadoresdelacasacomun.org\/sitio\/cuidadores-de-la-casa-comun-recibio-el-poliedro-por-la-paz\/img-20171108-wa0005\/\" data-orig-file=\"https:\/\/i0.wp.com\/cuidadoresdelacasacomun.org\/sitio\/wp-content\/uploads\/2019\/05\/IMG-20171108-WA0005.jpg?fit=1280%2C960&amp;ssl=1\" data-orig-size=\"1280,960\" data-comments-opened=\"0\" data-image-meta=\"{&quot;aperture&quot;:&quot;0&quot;,&quot;credit&quot;:&quot;&quot;,&quot;camera&quot;:&quot;&quot;,&quot;caption&quot;:&quot;&quot;,&quot;created_timestamp&quot;:&quot;0&quot;,&quot;copyright&quot;:&quot;&quot;,&quot;focal_length&quot;:&quot;0&quot;,&quot;iso&quot;:&quot;0&quot;,&quot;shutter_speed&quot;:&quot;0&quot;,&quot;title&quot;:&quot;&quot;,&quot;orientation&quot;:&quot;0&quot;}\" data-image-title=\"IMG-20171108-WA0005\" data-image-description=\"\" data-image-caption=\"\" data-large-file=\"https:\/\/i0.wp.com\/cuidadoresdelacasacomun.org\/sitio\/wp-content\/uploads\/2019\/05\/IMG-20171108-WA0005.jpg?fit=1024%2C768&amp;ssl=1\" src=\"https:\/\/i0.wp.com\/cuidadoresdelacasacomun.org\/sitio\/wp-content\/uploads\/2019\/05\/IMG-20171108-WA0005.jpg?fit=850%2C638&amp;ssl=1\" alt=\"\" data-id=\"1408\" data-link=\"https:\/\/cuidadoresdelacasacomun.org\/sitio\/?attachment_id=1408\" class=\"wp-image-1408\" srcset=\"https:\/\/i0.wp.com\/cuidadoresdelacasacomun.org\/sitio\/wp-content\/uploads\/2019\/05\/IMG-20171108-WA0005.jpg?w=1280&amp;ssl=1 1280w, https:\/\/i0.wp.com\/cuidadoresdelacasacomun.org\/sitio\/wp-content\/uploads\/2019\/05\/IMG-20171108-WA0005.jpg?resize=300%2C225&amp;ssl=1 300w, https:\/\/i0.wp.com\/cuidadoresdelacasacomun.org\/sitio\/wp-content\/uploads\/2019\/05\/IMG-20171108-WA0005.jpg?resize=768%2C576&amp;ssl=1 768w, https:\/\/i0.wp.com\/cuidadoresdelacasacomun.org\/sitio\/wp-content\/uploads\/2019\/05\/IMG-20171108-WA0005.jpg?resize=1024%2C768&amp;ssl=1 1024w, https:\/\/i0.wp.com\/cuidadoresdelacasacomun.org\/sitio\/wp-content\/uploads\/2019\/05\/IMG-20171108-WA0005.jpg?resize=960%2C720&amp;ssl=1 960w, https:\/\/i0.wp.com\/cuidadoresdelacasacomun.org\/sitio\/wp-content\/uploads\/2019\/05\/IMG-20171108-WA0005.jpg?resize=480%2C360&amp;ssl=1 480w\" sizes=\"(max-width: 1000px) 100vw, 1000px\" \/><\/figure><\/li><li class=\"blocks-gallery-item\"><figure><img decoding=\"async\" width=\"1280\" height=\"960\" data-attachment-id=\"1409\" data-permalink=\"https:\/\/cuidadoresdelacasacomun.org\/sitio\/cuidadores-de-la-casa-comun-recibio-el-poliedro-por-la-paz\/img-20171108-wa0007\/\" data-orig-file=\"https:\/\/i0.wp.com\/cuidadoresdelacasacomun.org\/sitio\/wp-content\/uploads\/2019\/05\/IMG-20171108-WA0007.jpg?fit=1280%2C960&amp;ssl=1\" data-orig-size=\"1280,960\" data-comments-opened=\"0\" data-image-meta=\"{&quot;aperture&quot;:&quot;0&quot;,&quot;credit&quot;:&quot;&quot;,&quot;camera&quot;:&quot;&quot;,&quot;caption&quot;:&quot;&quot;,&quot;created_timestamp&quot;:&quot;0&quot;,&quot;copyright&quot;:&quot;&quot;,&quot;focal_length&quot;:&quot;0&quot;,&quot;iso&quot;:&quot;0&quot;,&quot;shutter_speed&quot;:&quot;0&quot;,&quot;title&quot;:&quot;&quot;,&quot;orientation&quot;:&quot;0&quot;}\" data-image-title=\"IMG-20171108-WA0007\" data-image-description=\"\" data-image-caption=\"\" data-large-file=\"https:\/\/i0.wp.com\/cuidadoresdelacasacomun.org\/sitio\/wp-content\/uploads\/2019\/05\/IMG-20171108-WA0007.jpg?fit=1024%2C768&amp;ssl=1\" src=\"https:\/\/i0.wp.com\/cuidadoresdelacasacomun.org\/sitio\/wp-content\/uploads\/2019\/05\/IMG-20171108-WA0007.jpg?fit=850%2C638&amp;ssl=1\" alt=\"\" data-id=\"1409\" data-link=\"https:\/\/cuidadoresdelacasacomun.org\/sitio\/?attachment_id=1409\" class=\"wp-image-1409\" srcset=\"https:\/\/i0.wp.com\/cuidadoresdelacasacomun.org\/sitio\/wp-content\/uploads\/2019\/05\/IMG-20171108-WA0007.jpg?w=1280&amp;ssl=1 1280w, https:\/\/i0.wp.com\/cuidadoresdelacasacomun.org\/sitio\/wp-content\/uploads\/2019\/05\/IMG-20171108-WA0007.jpg?resize=300%2C225&amp;ssl=1 300w, https:\/\/i0.wp.com\/cuidadoresdelacasacomun.org\/sitio\/wp-content\/uploads\/2019\/05\/IMG-20171108-WA0007.jpg?resize=768%2C576&amp;ssl=1 768w, https:\/\/i0.wp.com\/cuidadoresdelacasacomun.org\/sitio\/wp-content\/uploads\/2019\/05\/IMG-20171108-WA0007.jpg?resize=1024%2C768&amp;ssl=1 1024w, https:\/\/i0.wp.com\/cuidadoresdelacasacomun.org\/sitio\/wp-content\/uploads\/2019\/05\/IMG-20171108-WA0007.jpg?resize=960%2C720&amp;ssl=1 960w, https:\/\/i0.wp.com\/cuidadoresdelacasacomun.org\/sitio\/wp-content\/uploads\/2019\/05\/IMG-20171108-WA0007.jpg?resize=480%2C360&amp;ssl=1 480w\" sizes=\"(max-width: 1000px) 100vw, 1000px\" \/><\/figure><\/li><li class=\"blocks-gallery-item\"><figure><img decoding=\"async\" width=\"1280\" height=\"960\" data-attachment-id=\"1410\" data-permalink=\"https:\/\/cuidadoresdelacasacomun.org\/sitio\/cuidadores-de-la-casa-comun-recibio-el-poliedro-por-la-paz\/img-20171108-wa0006\/\" data-orig-file=\"https:\/\/i0.wp.com\/cuidadoresdelacasacomun.org\/sitio\/wp-content\/uploads\/2019\/05\/IMG-20171108-WA0006.jpg?fit=1280%2C960&amp;ssl=1\" data-orig-size=\"1280,960\" data-comments-opened=\"0\" data-image-meta=\"{&quot;aperture&quot;:&quot;0&quot;,&quot;credit&quot;:&quot;&quot;,&quot;camera&quot;:&quot;&quot;,&quot;caption&quot;:&quot;&quot;,&quot;created_timestamp&quot;:&quot;0&quot;,&quot;copyright&quot;:&quot;&quot;,&quot;focal_length&quot;:&quot;0&quot;,&quot;iso&quot;:&quot;0&quot;,&quot;shutter_speed&quot;:&quot;0&quot;,&quot;title&quot;:&quot;&quot;,&quot;orientation&quot;:&quot;0&quot;}\" data-image-title=\"IMG-20171108-WA0006\" data-image-description=\"\" data-image-caption=\"\" data-large-file=\"https:\/\/i0.wp.com\/cuidadoresdelacasacomun.org\/sitio\/wp-content\/uploads\/2019\/05\/IMG-20171108-WA0006.jpg?fit=1024%2C768&amp;ssl=1\" src=\"https:\/\/i2.wp.com\/cuidadoresdelacasacomun.org\/sitio\/wp-content\/uploads\/2019\/05\/IMG-20171108-WA0006.jpg?fit=850%2C638&amp;ssl=1\" alt=\"\" data-id=\"1410\" data-link=\"https:\/\/cuidadoresdelacasacomun.org\/sitio\/?attachment_id=1410\" class=\"wp-image-1410\" srcset=\"https:\/\/i0.wp.com\/cuidadoresdelacasacomun.org\/sitio\/wp-content\/uploads\/2019\/05\/IMG-20171108-WA0006.jpg?w=1280&amp;ssl=1 1280w, https:\/\/i0.wp.com\/cuidadoresdelacasacomun.org\/sitio\/wp-content\/uploads\/2019\/05\/IMG-20171108-WA0006.jpg?resize=300%2C225&amp;ssl=1 300w, https:\/\/i0.wp.com\/cuidadoresdelacasacomun.org\/sitio\/wp-content\/uploads\/2019\/05\/IMG-20171108-WA0006.jpg?resize=768%2C576&amp;ssl=1 768w, https:\/\/i0.wp.com\/cuidadoresdelacasacomun.org\/sitio\/wp-content\/uploads\/2019\/05\/IMG-20171108-WA0006.jpg?resize=1024%2C768&amp;ssl=1 1024w, https:\/\/i0.wp.com\/cuidadoresdelacasacomun.org\/sitio\/wp-content\/uploads\/2019\/05\/IMG-20171108-WA0006.jpg?resize=960%2C720&amp;ssl=1 960w, https:\/\/i0.wp.com\/cuidadoresdelacasacomun.org\/sitio\/wp-content\/uploads\/2019\/05\/IMG-20171108-WA0006.jpg?resize=480%2C360&amp;ssl=1 480w\" sizes=\"(max-width: 1000px) 100vw, 1000px\" \/><\/figure><\/li><\/ul>\n","protected":false},"excerpt":{"rendered":"<p>Fue distinguido con el \u201cPoliedro por la Paz\u201d el proyecto Cuidadores de la Casa Com\u00fan, en la categor\u00eda Cuidado de la Creaci\u00f3n, por la Comisi\u00f3n Nacional Justicia y Paz (CNJP), organismo de la Conferencia Episcopal Argentina. El premio reconoce al trabajo por la paz y a su promoci\u00f3n en diversas dimensiones, con el fin de [&hellip;]<\/p>\n","protected":false},"author":1,"featured_media":1408,"comment_status":"closed","ping_status":"open","sticky":false,"template":"","format":"standard","meta":{"_monsterinsights_skip_tracking":false,"_monsterinsights_sitenote_active":false,"_monsterinsights_sitenote_note":"","_monsterinsights_sitenote_category":0,"site-sidebar-layout":"default","site-content-layout":"","ast-site-content-layout":"default","site-content-style":"default","site-sidebar-style":"default","ast-global-header-display":"","ast-banner-title-visibility":"","ast-main-header-display":"","ast-hfb-above-header-display":"","ast-hfb-below-header-display":"","ast-hfb-mobile-header-display":"","site-post-title":"","ast-breadcrumbs-content":"","ast-featured-img":"","footer-sml-layout":"","ast-disable-related-posts":"","theme-transparent-header-meta":"","adv-header-id-meta":"","stick-header-meta":"","header-above-stick-meta":"","header-main-stick-meta":"","header-below-stick-meta":"","astra-migrate-meta-layouts":"default","ast-page-background-enabled":"default","ast-page-background-meta":{"desktop":{"background-color":"","background-image":"","background-repeat":"repeat","background-position":"center center","background-size":"auto","background-attachment":"scroll","background-type":"","background-media":"","overlay-type":"","overlay-color":"","overlay-opacity":"","overlay-gradient":""},"tablet":{"background-color":"","background-image":"","background-repeat":"repeat","background-position":"center center","background-size":"auto","background-attachment":"scroll","background-type":"","background-media":"","overlay-type":"","overlay-color":"","overlay-opacity":"","overlay-gradient":""},"mobile":{"background-color":"","background-image":"","background-repeat":"repeat","background-position":"center center","background-size":"auto","background-attachment":"scroll","background-type":"","background-media":"","overlay-type":"","overlay-color":"","overlay-opacity":"","overlay-gradient":""}},"ast-content-background-meta":{"desktop":{"background-color":"var(--ast-global-color-5)","background-image":"","background-repeat":"repeat","background-position":"center center","background-size":"auto","background-attachment":"scroll","background-type":"","background-media":"","overlay-type":"","overlay-color":"","overlay-opacity":"","overlay-gradient":""},"tablet":{"background-color":"var(--ast-global-color-5)","background-image":"","background-repeat":"repeat","background-position":"center center","background-size":"auto","background-attachment":"scroll","background-type":"","background-media":"","overlay-type":"","overlay-color":"","overlay-opacity":"","overlay-gradient":""},"mobile":{"background-color":"var(--ast-global-color-5)","background-image":"","background-repeat":"repeat","background-position":"center center","background-size":"auto","background-attachment":"scroll","background-type":"","background-media":"","overlay-type":"","overlay-color":"","overlay-opacity":"","overlay-gradient":""}},"jetpack_post_was_ever_published":false,"_jetpack_newsletter_access":"","_jetpack_dont_email_post_to_subs":false,"_jetpack_newsletter_tier_id":0,"_jetpack_memberships_contains_paywalled_content":false,"_jetpack_memberships_contains_paid_content":false,"footnotes":"","jetpack_publicize_message":"","jetpack_publicize_feature_enabled":true,"jetpack_social_post_already_shared":true,"jetpack_social_options":{"image_generator_settings":{"template":"highway","default_image_id":0,"font":"","enabled":false},"version":2}},"categories":[34],"tags":[],"class_list":["post-1407","post","type-post","status-publish","format-standard","has-post-thumbnail","hentry","category-novedades"],"jetpack_publicize_connections":[],"jetpack_featured_media_url":"https:\/\/i0.wp.com\/cuidadoresdelacasacomun.org\/sitio\/wp-content\/uploads\/2019\/05\/IMG-20171108-WA0005.jpg?fit=1280%2C960&ssl=1","jetpack_sharing_enabled":true,"jetpack_shortlink":"https:\/\/wp.me\/paqpSn-mH","jetpack_likes_enabled":false,"_links":{"self":[{"href":"https:\/\/cuidadoresdelacasacomun.org\/sitio\/wp-json\/wp\/v2\/posts\/1407","targetHints":{"allow":["GET"]}}],"collection":[{"href":"https:\/\/cuidadoresdelacasacomun.org\/sitio\/wp-json\/wp\/v2\/posts"}],"about":[{"href":"https:\/\/cuidadoresdelacasacomun.org\/sitio\/wp-json\/wp\/v2\/types\/post"}],"author":[{"embeddable":true,"href":"https:\/\/cuidadoresdelacasacomun.org\/sitio\/wp-json\/wp\/v2\/users\/1"}],"replies":[{"embeddable":true,"href":"https:\/\/cuidadoresdelacasacomun.org\/sitio\/wp-json\/wp\/v2\/comments?post=1407"}],"version-history":[{"count":1,"href":"https:\/\/cuidadoresdelacasacomun.org\/sitio\/wp-json\/wp\/v2\/posts\/1407\/revisions"}],"predecessor-version":[{"id":1411,"href":"https:\/\/cuidadoresdelacasacomun.org\/sitio\/wp-json\/wp\/v2\/posts\/1407\/revisions\/1411"}],"wp:featuredmedia":[{"embeddable":true,"href":"https:\/\/cuidadoresdelacasacomun.org\/sitio\/wp-json\/wp\/v2\/media\/1408"}],"wp:attachment":[{"href":"https:\/\/cuidadoresdelacasacomun.org\/sitio\/wp-json\/wp\/v2\/media?parent=1407"}],"wp:term":[{"taxonomy":"category","embeddable":true,"href":"https:\/\/cuidadoresdelacasacomun.org\/sitio\/wp-json\/wp\/v2\/categories?post=1407"},{"taxonomy":"post_tag","embeddable":true,"href":"https:\/\/cuidadoresdelacasacomun.org\/sitio\/wp-json\/wp\/v2\/tags?post=1407"}],"curies":[{"name":"wp","href":"https:\/\/api.w.org\/{rel}","templated":true}]}}