{"id":1960,"date":"2019-09-09T21:45:46","date_gmt":"2019-09-09T21:45:46","guid":{"rendered":"https:\/\/cuidadoresdelacasacomun.org\/sitio\/?p=1960"},"modified":"2019-09-09T21:48:37","modified_gmt":"2019-09-09T21:48:37","slug":"encuentro-regional-de-cuidadores-en-parana","status":"publish","type":"post","link":"https:\/\/cuidadoresdelacasacomun.org\/sitio\/encuentro-regional-de-cuidadores-en-parana\/","title":{"rendered":"Encuentro Regional de Cuidadores en Paran\u00e1"},"content":{"rendered":"\n<p>Se realiz\u00f3 en el Centro Mari\u00e1polis de Paran\u00e1 el Encuentro Regional de Cuidadores de la Casa Com\u00fan bajo el lema \u201cViaevolutionis: Cuidadores por el Camino de la Vida\u00bb, organizado por el&nbsp; Ministerio de Desarrollo Social de Entre R\u00edos,  y cont\u00f3 con la participaci\u00f3n de 150 j\u00f3venes de siete localidades de esa provincia y tambi\u00e9n de Chaco, Corrientes, Formosa y Misiones, donde se efect\u00faan tareas de capacitaci\u00f3n y contenci\u00f3n para la realizaci\u00f3n de proyectos laborales sustentables y&nbsp; de concientizaci\u00f3n sobre la protecci\u00f3n del medio ambiente.<\/p>\n\n\n\n<p>Cuidadores de la Casa Com\u00fan se implementa en diversas localidades de Entre R\u00edos, donde el gobierno asumi\u00f3 el proyecto como una pol\u00edtica p\u00fablica, tales como Paran\u00e1, Villaguay, Victoria, San Salvador, Nogoy\u00e1, Santa Elena y Gualeguaych\u00fa. En la provincia comenz\u00f3 a funcionar en 2016 como experiencia piloto a partir de la enc\u00edclica Laudato Si del Papa Francisco, en la que se realiza un llamado a los gobiernos y a los j\u00f3venes a trabajar por el cuidado de la naturaleza, generando proyectos productivos que permitan un trabajo digno.<\/p>\n\n\n\n<p>En ese contexto los j\u00f3venes que participan de la propuesta llevan adelante distintas modalidades laborales como reciclado, gastronom\u00eda, peluquer\u00eda, trabajos con telas y carpinter\u00eda.<\/p>\n\n\n\n<p>Estuvieron presentes la directora ejecutiva de Cuidadores de la Casa Com\u00fan, Lic. Martha Arriola;&nbsp; la ministra de Desarrollo Social de Entre R\u00edos, Laura Stratta; el secretario de Econom\u00eda Social provincial, Luis Precerutti; los te\u00f3logos Francisco Bosch y Diego Facundo S\u00e1nchez; Humberto Podetti, director de la c\u00e1tedra libre Integraci\u00f3n Latinoamericana y Caribe\u00f1a de la Facultad de Ciencias Sociales&nbsp; de la Universidad Nacional de Lomas de Zamora y coordinador del Programa de Reflexi\u00f3n sobre Am\u00e9rica Latina de la C\u00e1tedra Pontifica de la Universidad Cat\u00f3lica Argentina; y representantes del Ministerio de Desarrollo Social de la Naci\u00f3n.<\/p>\n\n\n\n<figure class=\"wp-block-image is-resized\"><img fetchpriority=\"high\" decoding=\"async\" data-attachment-id=\"1962\" data-permalink=\"https:\/\/cuidadoresdelacasacomun.org\/sitio\/encuentro-regional-de-cuidadores-en-parana\/img-20190830-wa0027\/\" data-orig-file=\"https:\/\/i0.wp.com\/cuidadoresdelacasacomun.org\/sitio\/wp-content\/uploads\/2019\/09\/IMG-20190830-WA0027.jpg?fit=1280%2C853&amp;ssl=1\" data-orig-size=\"1280,853\" data-comments-opened=\"0\" data-image-meta=\"{&quot;aperture&quot;:&quot;0&quot;,&quot;credit&quot;:&quot;&quot;,&quot;camera&quot;:&quot;&quot;,&quot;caption&quot;:&quot;&quot;,&quot;created_timestamp&quot;:&quot;0&quot;,&quot;copyright&quot;:&quot;&quot;,&quot;focal_length&quot;:&quot;0&quot;,&quot;iso&quot;:&quot;0&quot;,&quot;shutter_speed&quot;:&quot;0&quot;,&quot;title&quot;:&quot;&quot;,&quot;orientation&quot;:&quot;0&quot;}\" data-image-title=\"IMG-20190830-WA0027\" data-image-description=\"\" data-image-caption=\"\" data-large-file=\"https:\/\/i0.wp.com\/cuidadoresdelacasacomun.org\/sitio\/wp-content\/uploads\/2019\/09\/IMG-20190830-WA0027.jpg?fit=1024%2C682&amp;ssl=1\" src=\"https:\/\/i1.wp.com\/cuidadoresdelacasacomun.org\/sitio\/wp-content\/uploads\/2019\/09\/IMG-20190830-WA0027.jpg?fit=1024%2C682&amp;ssl=1\" alt=\"\" class=\"wp-image-1962\" width=\"551\" height=\"367\" srcset=\"https:\/\/i0.wp.com\/cuidadoresdelacasacomun.org\/sitio\/wp-content\/uploads\/2019\/09\/IMG-20190830-WA0027.jpg?w=1280&amp;ssl=1 1280w, https:\/\/i0.wp.com\/cuidadoresdelacasacomun.org\/sitio\/wp-content\/uploads\/2019\/09\/IMG-20190830-WA0027.jpg?resize=300%2C200&amp;ssl=1 300w, https:\/\/i0.wp.com\/cuidadoresdelacasacomun.org\/sitio\/wp-content\/uploads\/2019\/09\/IMG-20190830-WA0027.jpg?resize=768%2C512&amp;ssl=1 768w, https:\/\/i0.wp.com\/cuidadoresdelacasacomun.org\/sitio\/wp-content\/uploads\/2019\/09\/IMG-20190830-WA0027.jpg?resize=1024%2C682&amp;ssl=1 1024w\" sizes=\"(max-width: 551px) 100vw, 551px\" \/><\/figure>\n\n\n\n<blockquote class=\"wp-block-quote is-layout-flow wp-block-quote-is-layout-flow\"><p> <strong><em>Stratta: \u201cCuidadores de la Casa Com\u00fan es un programa muy querido para nosotros\u201d<\/em><\/strong> <\/p><\/blockquote>\n\n\n\n<p>En dicho marco la ministra Stratta expres\u00f3: \u201cCuidadores de la Casa Com\u00fan es un programa muy querido para nosotros, que cada uno de ustedes fue apropi\u00e1ndose y transit\u00e1ndolo. Para m\u00ed es un placer ser parte de este proyecto, que ha sido un gran desaf\u00edo. Porque cuando el gobierno nacional planteaba discursos del individualismo y del \u2018s\u00e1lvense quien pueda\u2019, nosotros desde el gobierno provincial, junto al gobernador Gustavo Bordet, hicimos el camino inverso, trabajamos much\u00edsimo para consolidar y construir un Estado presente, defendiendo la pol\u00edtica como herramienta de transformaci\u00f3n de la sociedad, y la participaci\u00f3n como un modo de no sentirnos tan solos, de resistir, de poder hacer juntos\u201d,&nbsp; y agradeci\u00f3 a los participantes \u201cpor encarnar un testimonio nuevo que nos llena de esperanza y que habla de la profundidad de lo que podemos hacer juntos para transformar la realidad que nos golpea e interpela\u201d, seg\u00fan inform\u00f3 el gobierno de de Entre R\u00edos.<\/p>\n\n\n\n<p>Por su parte, Luis Precerutti&nbsp; sostuvo: <strong>\u201cEste movimiento est\u00e1 en 16 provincias del pa\u00eds, se est\u00e1n haciendo encuentros por zonas, y para la regi\u00f3n del Litoral, Entre R\u00edos es la sede. Con la particularidad de que, por decisi\u00f3n del gobernador Bordet y la ministra Stratta, nuestra provincia es la \u00fanica que ha incorporado esta iniciativa como pol\u00edtica p\u00fablica\u201d.<\/strong><\/p>\n\n\n\n<p>Sobre la propuesta el secretario de Econom\u00eda Social explic\u00f3: \u201cEste encuentro regional tiene como objetivo fijar una agenda com\u00fan entre los distintos participantes provinciales con respecto al cuidado del medio ambiente. Tambi\u00e9n en esto est\u00e1n involucrados los municipios y las organizaciones libres del pueblo. En este caso est\u00e1n presentes las organizaciones Taller Flotante y Ecourbano. Es decir, hay un conjunto de actores realizando un trabajo articulado para que este movimiento de Cuidadores de la Casa Com\u00fan pueda estar funcionando como lo est\u00e1 haciendo hoy en la provincia de Entre R\u00edos\u201d, de acuerdo con la informaci\u00f3n difundida por dicho gobierno.<br><\/p>\n\n\n\n<figure class=\"wp-block-image\"><img decoding=\"async\" width=\"1280\" height=\"853\" data-attachment-id=\"1963\" data-permalink=\"https:\/\/cuidadoresdelacasacomun.org\/sitio\/encuentro-regional-de-cuidadores-en-parana\/img-20190830-wa0001\/\" data-orig-file=\"https:\/\/i0.wp.com\/cuidadoresdelacasacomun.org\/sitio\/wp-content\/uploads\/2019\/09\/IMG-20190830-WA0001.jpg?fit=1280%2C853&amp;ssl=1\" data-orig-size=\"1280,853\" data-comments-opened=\"0\" data-image-meta=\"{&quot;aperture&quot;:&quot;0&quot;,&quot;credit&quot;:&quot;&quot;,&quot;camera&quot;:&quot;&quot;,&quot;caption&quot;:&quot;&quot;,&quot;created_timestamp&quot;:&quot;0&quot;,&quot;copyright&quot;:&quot;&quot;,&quot;focal_length&quot;:&quot;0&quot;,&quot;iso&quot;:&quot;0&quot;,&quot;shutter_speed&quot;:&quot;0&quot;,&quot;title&quot;:&quot;&quot;,&quot;orientation&quot;:&quot;0&quot;}\" data-image-title=\"IMG-20190830-WA0001\" data-image-description=\"\" data-image-caption=\"\" data-large-file=\"https:\/\/i0.wp.com\/cuidadoresdelacasacomun.org\/sitio\/wp-content\/uploads\/2019\/09\/IMG-20190830-WA0001.jpg?fit=1024%2C682&amp;ssl=1\" src=\"https:\/\/i0.wp.com\/cuidadoresdelacasacomun.org\/sitio\/wp-content\/uploads\/2019\/09\/IMG-20190830-WA0001.jpg?fit=1024%2C682&amp;ssl=1\" alt=\"\" class=\"wp-image-1963\" srcset=\"https:\/\/i0.wp.com\/cuidadoresdelacasacomun.org\/sitio\/wp-content\/uploads\/2019\/09\/IMG-20190830-WA0001.jpg?w=1280&amp;ssl=1 1280w, https:\/\/i0.wp.com\/cuidadoresdelacasacomun.org\/sitio\/wp-content\/uploads\/2019\/09\/IMG-20190830-WA0001.jpg?resize=300%2C200&amp;ssl=1 300w, https:\/\/i0.wp.com\/cuidadoresdelacasacomun.org\/sitio\/wp-content\/uploads\/2019\/09\/IMG-20190830-WA0001.jpg?resize=768%2C512&amp;ssl=1 768w, https:\/\/i0.wp.com\/cuidadoresdelacasacomun.org\/sitio\/wp-content\/uploads\/2019\/09\/IMG-20190830-WA0001.jpg?resize=1024%2C682&amp;ssl=1 1024w\" sizes=\"(max-width: 1000px) 100vw, 1000px\" \/><\/figure>\n\n\n\n<h2 class=\"wp-block-heading\"><strong><em>Testimonios de los Cuidadores<\/em><\/strong><br><\/h2>\n\n\n\n<p>\u00c1ngel&nbsp; es un joven de 23 a\u00f1os oriundo de Gualeguaych\u00fa&nbsp; quien relat\u00f3 con estas palabras sus vivencias  sobre el encuentro: \u201cMuy lindo todo, el intercambio de ideas, la manera que se llevaron&nbsp; a cabo las actividades. Muy interesante todo, muy conforme, una experiencia muy linda, haber interactuado,  intercambiado opiniones con los compa\u00f1eros de la naci\u00f3n, tanto de&nbsp; localidades aleda\u00f1as como de las otras provincias que nos visitaron como los Cuidadores de Chaco,  Misiones, Formosa.  Fue muy linda la convivencia, como se dio tambi\u00e9n todo en el marco de la jornada. Me pareci\u00f3 una experiencia sumamente interesante\u201d.<br><\/p>\n\n\n\n<blockquote class=\"wp-block-quote is-layout-flow wp-block-quote-is-layout-flow\"><p> \u201cAl principio lo tom\u00e9 m\u00e1s que nada como un paseo, despu\u00e9s como algo familiar, al segundo d\u00eda lo tom\u00e9 como si todos fu\u00e9ramos una familia, fu\u00e9ramos hermanos, as\u00ed lo tom\u00e9.\u00bb Ana <\/p><\/blockquote>\n\n\n\n<p>Ana de 30 a\u00f1os, tambi\u00e9n residente en Gualeguaych\u00fa record\u00f3 que \u201cMe encant\u00f3 la experiencia, me encant\u00f3 compartir, me encant\u00f3 el respeto, aprend\u00ed much\u00edsimas cosas. Era mucho de creer en Dios pero no quer\u00eda ser como una religiosa y ahora puedo decir si yo amo a Dios tengo que amar a la tierra, el sol, el agua, la luna, las estrellas\u201d. Luego agreg\u00f3 \u201cTengo 30 a\u00f1os y tres chicos, nunca tuve esta posibilidad, mi compa\u00f1ero me apoy\u00f3, me dijo and\u00e1 un d\u00eda porque yo no puedo con los gurises. Despu\u00e9s lo llam\u00e9&nbsp; y me pidi\u00f3 que me quedara los tres d\u00edas, fue una felicidad  porque es la primera vez  que me tomo un tiempo para m\u00ed y para intercambiar con otras personas\u201d.<br><\/p>\n\n\n\n<ul class=\"wp-block-gallery aligncenter columns-3 is-cropped wp-block-gallery-1 is-layout-flex wp-block-gallery-is-layout-flex\"><li class=\"blocks-gallery-item\"><figure><img decoding=\"async\" width=\"1280\" height=\"853\" data-attachment-id=\"1965\" data-permalink=\"https:\/\/cuidadoresdelacasacomun.org\/sitio\/encuentro-regional-de-cuidadores-en-parana\/img-20190830-wa0023\/\" data-orig-file=\"https:\/\/i0.wp.com\/cuidadoresdelacasacomun.org\/sitio\/wp-content\/uploads\/2019\/09\/IMG-20190830-WA0023.jpg?fit=1280%2C853&amp;ssl=1\" data-orig-size=\"1280,853\" data-comments-opened=\"0\" data-image-meta=\"{&quot;aperture&quot;:&quot;0&quot;,&quot;credit&quot;:&quot;&quot;,&quot;camera&quot;:&quot;&quot;,&quot;caption&quot;:&quot;&quot;,&quot;created_timestamp&quot;:&quot;0&quot;,&quot;copyright&quot;:&quot;&quot;,&quot;focal_length&quot;:&quot;0&quot;,&quot;iso&quot;:&quot;0&quot;,&quot;shutter_speed&quot;:&quot;0&quot;,&quot;title&quot;:&quot;&quot;,&quot;orientation&quot;:&quot;0&quot;}\" data-image-title=\"IMG-20190830-WA0023\" data-image-description=\"\" data-image-caption=\"\" data-large-file=\"https:\/\/i0.wp.com\/cuidadoresdelacasacomun.org\/sitio\/wp-content\/uploads\/2019\/09\/IMG-20190830-WA0023.jpg?fit=1024%2C682&amp;ssl=1\" src=\"https:\/\/i0.wp.com\/cuidadoresdelacasacomun.org\/sitio\/wp-content\/uploads\/2019\/09\/IMG-20190830-WA0023.jpg?fit=1024%2C682&amp;ssl=1\" alt=\"\" data-id=\"1965\" data-link=\"https:\/\/cuidadoresdelacasacomun.org\/sitio\/?attachment_id=1965\" class=\"wp-image-1965\" srcset=\"https:\/\/i0.wp.com\/cuidadoresdelacasacomun.org\/sitio\/wp-content\/uploads\/2019\/09\/IMG-20190830-WA0023.jpg?w=1280&amp;ssl=1 1280w, https:\/\/i0.wp.com\/cuidadoresdelacasacomun.org\/sitio\/wp-content\/uploads\/2019\/09\/IMG-20190830-WA0023.jpg?resize=300%2C200&amp;ssl=1 300w, https:\/\/i0.wp.com\/cuidadoresdelacasacomun.org\/sitio\/wp-content\/uploads\/2019\/09\/IMG-20190830-WA0023.jpg?resize=768%2C512&amp;ssl=1 768w, https:\/\/i0.wp.com\/cuidadoresdelacasacomun.org\/sitio\/wp-content\/uploads\/2019\/09\/IMG-20190830-WA0023.jpg?resize=1024%2C682&amp;ssl=1 1024w\" sizes=\"(max-width: 1000px) 100vw, 1000px\" \/><\/figure><\/li><li class=\"blocks-gallery-item\"><figure><img loading=\"lazy\" decoding=\"async\" width=\"1280\" height=\"853\" data-attachment-id=\"1966\" data-permalink=\"https:\/\/cuidadoresdelacasacomun.org\/sitio\/encuentro-regional-de-cuidadores-en-parana\/img-20190830-wa0036\/\" data-orig-file=\"https:\/\/i0.wp.com\/cuidadoresdelacasacomun.org\/sitio\/wp-content\/uploads\/2019\/09\/IMG-20190830-WA0036.jpg?fit=1280%2C853&amp;ssl=1\" data-orig-size=\"1280,853\" data-comments-opened=\"0\" data-image-meta=\"{&quot;aperture&quot;:&quot;0&quot;,&quot;credit&quot;:&quot;&quot;,&quot;camera&quot;:&quot;&quot;,&quot;caption&quot;:&quot;&quot;,&quot;created_timestamp&quot;:&quot;0&quot;,&quot;copyright&quot;:&quot;&quot;,&quot;focal_length&quot;:&quot;0&quot;,&quot;iso&quot;:&quot;0&quot;,&quot;shutter_speed&quot;:&quot;0&quot;,&quot;title&quot;:&quot;&quot;,&quot;orientation&quot;:&quot;0&quot;}\" data-image-title=\"IMG-20190830-WA0036\" data-image-description=\"\" data-image-caption=\"\" data-large-file=\"https:\/\/i0.wp.com\/cuidadoresdelacasacomun.org\/sitio\/wp-content\/uploads\/2019\/09\/IMG-20190830-WA0036.jpg?fit=1024%2C682&amp;ssl=1\" src=\"https:\/\/i1.wp.com\/cuidadoresdelacasacomun.org\/sitio\/wp-content\/uploads\/2019\/09\/IMG-20190830-WA0036.jpg?fit=1024%2C682&amp;ssl=1\" alt=\"\" data-id=\"1966\" data-link=\"https:\/\/cuidadoresdelacasacomun.org\/sitio\/?attachment_id=1966\" class=\"wp-image-1966\" srcset=\"https:\/\/i0.wp.com\/cuidadoresdelacasacomun.org\/sitio\/wp-content\/uploads\/2019\/09\/IMG-20190830-WA0036.jpg?w=1280&amp;ssl=1 1280w, https:\/\/i0.wp.com\/cuidadoresdelacasacomun.org\/sitio\/wp-content\/uploads\/2019\/09\/IMG-20190830-WA0036.jpg?resize=300%2C200&amp;ssl=1 300w, https:\/\/i0.wp.com\/cuidadoresdelacasacomun.org\/sitio\/wp-content\/uploads\/2019\/09\/IMG-20190830-WA0036.jpg?resize=768%2C512&amp;ssl=1 768w, https:\/\/i0.wp.com\/cuidadoresdelacasacomun.org\/sitio\/wp-content\/uploads\/2019\/09\/IMG-20190830-WA0036.jpg?resize=1024%2C682&amp;ssl=1 1024w\" sizes=\"(max-width: 1000px) 100vw, 1000px\" \/><\/figure><\/li><li class=\"blocks-gallery-item\"><figure><img loading=\"lazy\" decoding=\"async\" width=\"1280\" height=\"853\" data-attachment-id=\"1967\" data-permalink=\"https:\/\/cuidadoresdelacasacomun.org\/sitio\/encuentro-regional-de-cuidadores-en-parana\/img-20190830-wa0039\/\" data-orig-file=\"https:\/\/i0.wp.com\/cuidadoresdelacasacomun.org\/sitio\/wp-content\/uploads\/2019\/09\/IMG-20190830-WA0039.jpg?fit=1280%2C853&amp;ssl=1\" data-orig-size=\"1280,853\" data-comments-opened=\"0\" data-image-meta=\"{&quot;aperture&quot;:&quot;0&quot;,&quot;credit&quot;:&quot;&quot;,&quot;camera&quot;:&quot;&quot;,&quot;caption&quot;:&quot;&quot;,&quot;created_timestamp&quot;:&quot;0&quot;,&quot;copyright&quot;:&quot;&quot;,&quot;focal_length&quot;:&quot;0&quot;,&quot;iso&quot;:&quot;0&quot;,&quot;shutter_speed&quot;:&quot;0&quot;,&quot;title&quot;:&quot;&quot;,&quot;orientation&quot;:&quot;0&quot;}\" data-image-title=\"IMG-20190830-WA0039\" data-image-description=\"\" data-image-caption=\"\" data-large-file=\"https:\/\/i0.wp.com\/cuidadoresdelacasacomun.org\/sitio\/wp-content\/uploads\/2019\/09\/IMG-20190830-WA0039.jpg?fit=1024%2C682&amp;ssl=1\" src=\"https:\/\/i0.wp.com\/cuidadoresdelacasacomun.org\/sitio\/wp-content\/uploads\/2019\/09\/IMG-20190830-WA0039.jpg?fit=1024%2C682&amp;ssl=1\" alt=\"\" data-id=\"1967\" data-link=\"https:\/\/cuidadoresdelacasacomun.org\/sitio\/?attachment_id=1967\" class=\"wp-image-1967\" srcset=\"https:\/\/i0.wp.com\/cuidadoresdelacasacomun.org\/sitio\/wp-content\/uploads\/2019\/09\/IMG-20190830-WA0039.jpg?w=1280&amp;ssl=1 1280w, https:\/\/i0.wp.com\/cuidadoresdelacasacomun.org\/sitio\/wp-content\/uploads\/2019\/09\/IMG-20190830-WA0039.jpg?resize=300%2C200&amp;ssl=1 300w, https:\/\/i0.wp.com\/cuidadoresdelacasacomun.org\/sitio\/wp-content\/uploads\/2019\/09\/IMG-20190830-WA0039.jpg?resize=768%2C512&amp;ssl=1 768w, https:\/\/i0.wp.com\/cuidadoresdelacasacomun.org\/sitio\/wp-content\/uploads\/2019\/09\/IMG-20190830-WA0039.jpg?resize=1024%2C682&amp;ssl=1 1024w\" sizes=\"(max-width: 1000px) 100vw, 1000px\" \/><\/figure><\/li><\/ul>\n\n\n\n<p>Juana Acosta es una emprendedora de la ciudad de Victoria, quien al ser consultada sobre su experiencia en este programa, afirm\u00f3: \u201cEstoy muy contenta porque puedo desarrollar un emprendimiento, porque conoc\u00ed gente con la que aprendo mucho. Me dedico a la costura, comenc\u00e9 trabajando con telas recicladas y hoy voy sumando otras cosas. Yo rescato que pueda participar de Cuidadores, tengo 4 chicos y esto me permite salir adelante\u201d.<\/p>\n\n\n\n<p>Por su parte, Cristian Gonz\u00e1lez de la ciudad de Paran\u00e1, agreg\u00f3: \u201cYo formo parte del grupo del Volcadero, estamos trabajando en un proyecto para poner en valor un espacio del barrio que est\u00e1 abandonado hace muchos a\u00f1os. Yo soy nuevo en el proyecto, estoy hace pocos meses, pero he aprendido mucho este tiempo. Aprend\u00ed muchas cosas que no sab\u00eda, el cuidado de la naturaleza y los \u00e1rboles ahora tiene otro valor para m\u00ed\u201d.<br><\/p>\n\n\n\n<ul class=\"wp-block-gallery columns-3 is-cropped wp-block-gallery-2 is-layout-flex wp-block-gallery-is-layout-flex\"><li class=\"blocks-gallery-item\"><figure><img loading=\"lazy\" decoding=\"async\" width=\"1280\" height=\"853\" data-attachment-id=\"1968\" data-permalink=\"https:\/\/cuidadoresdelacasacomun.org\/sitio\/encuentro-regional-de-cuidadores-en-parana\/img-20190830-wa0021-1\/\" data-orig-file=\"https:\/\/i0.wp.com\/cuidadoresdelacasacomun.org\/sitio\/wp-content\/uploads\/2019\/09\/IMG-20190830-WA0021-1.jpg?fit=1280%2C853&amp;ssl=1\" data-orig-size=\"1280,853\" data-comments-opened=\"0\" data-image-meta=\"{&quot;aperture&quot;:&quot;0&quot;,&quot;credit&quot;:&quot;&quot;,&quot;camera&quot;:&quot;&quot;,&quot;caption&quot;:&quot;&quot;,&quot;created_timestamp&quot;:&quot;0&quot;,&quot;copyright&quot;:&quot;&quot;,&quot;focal_length&quot;:&quot;0&quot;,&quot;iso&quot;:&quot;0&quot;,&quot;shutter_speed&quot;:&quot;0&quot;,&quot;title&quot;:&quot;&quot;,&quot;orientation&quot;:&quot;0&quot;}\" data-image-title=\"IMG-20190830-WA0021-1\" data-image-description=\"\" data-image-caption=\"\" data-large-file=\"https:\/\/i0.wp.com\/cuidadoresdelacasacomun.org\/sitio\/wp-content\/uploads\/2019\/09\/IMG-20190830-WA0021-1.jpg?fit=1024%2C682&amp;ssl=1\" src=\"https:\/\/i2.wp.com\/cuidadoresdelacasacomun.org\/sitio\/wp-content\/uploads\/2019\/09\/IMG-20190830-WA0021-1.jpg?fit=1024%2C682&amp;ssl=1\" alt=\"\" data-id=\"1968\" data-link=\"https:\/\/cuidadoresdelacasacomun.org\/sitio\/?attachment_id=1968\" class=\"wp-image-1968\" srcset=\"https:\/\/i0.wp.com\/cuidadoresdelacasacomun.org\/sitio\/wp-content\/uploads\/2019\/09\/IMG-20190830-WA0021-1.jpg?w=1280&amp;ssl=1 1280w, https:\/\/i0.wp.com\/cuidadoresdelacasacomun.org\/sitio\/wp-content\/uploads\/2019\/09\/IMG-20190830-WA0021-1.jpg?resize=300%2C200&amp;ssl=1 300w, https:\/\/i0.wp.com\/cuidadoresdelacasacomun.org\/sitio\/wp-content\/uploads\/2019\/09\/IMG-20190830-WA0021-1.jpg?resize=768%2C512&amp;ssl=1 768w, https:\/\/i0.wp.com\/cuidadoresdelacasacomun.org\/sitio\/wp-content\/uploads\/2019\/09\/IMG-20190830-WA0021-1.jpg?resize=1024%2C682&amp;ssl=1 1024w\" sizes=\"(max-width: 1000px) 100vw, 1000px\" \/><\/figure><\/li><li class=\"blocks-gallery-item\"><figure><img loading=\"lazy\" decoding=\"async\" width=\"1280\" height=\"853\" data-attachment-id=\"1969\" data-permalink=\"https:\/\/cuidadoresdelacasacomun.org\/sitio\/encuentro-regional-de-cuidadores-en-parana\/img-20190830-wa0048\/\" data-orig-file=\"https:\/\/i0.wp.com\/cuidadoresdelacasacomun.org\/sitio\/wp-content\/uploads\/2019\/09\/IMG-20190830-WA0048.jpg?fit=1280%2C853&amp;ssl=1\" data-orig-size=\"1280,853\" data-comments-opened=\"0\" data-image-meta=\"{&quot;aperture&quot;:&quot;0&quot;,&quot;credit&quot;:&quot;&quot;,&quot;camera&quot;:&quot;&quot;,&quot;caption&quot;:&quot;&quot;,&quot;created_timestamp&quot;:&quot;0&quot;,&quot;copyright&quot;:&quot;&quot;,&quot;focal_length&quot;:&quot;0&quot;,&quot;iso&quot;:&quot;0&quot;,&quot;shutter_speed&quot;:&quot;0&quot;,&quot;title&quot;:&quot;&quot;,&quot;orientation&quot;:&quot;0&quot;}\" data-image-title=\"IMG-20190830-WA0048\" data-image-description=\"\" data-image-caption=\"\" data-large-file=\"https:\/\/i0.wp.com\/cuidadoresdelacasacomun.org\/sitio\/wp-content\/uploads\/2019\/09\/IMG-20190830-WA0048.jpg?fit=1024%2C682&amp;ssl=1\" src=\"https:\/\/i1.wp.com\/cuidadoresdelacasacomun.org\/sitio\/wp-content\/uploads\/2019\/09\/IMG-20190830-WA0048.jpg?fit=1024%2C682&amp;ssl=1\" alt=\"\" data-id=\"1969\" data-link=\"https:\/\/cuidadoresdelacasacomun.org\/sitio\/?attachment_id=1969\" class=\"wp-image-1969\" srcset=\"https:\/\/i0.wp.com\/cuidadoresdelacasacomun.org\/sitio\/wp-content\/uploads\/2019\/09\/IMG-20190830-WA0048.jpg?w=1280&amp;ssl=1 1280w, https:\/\/i0.wp.com\/cuidadoresdelacasacomun.org\/sitio\/wp-content\/uploads\/2019\/09\/IMG-20190830-WA0048.jpg?resize=300%2C200&amp;ssl=1 300w, https:\/\/i0.wp.com\/cuidadoresdelacasacomun.org\/sitio\/wp-content\/uploads\/2019\/09\/IMG-20190830-WA0048.jpg?resize=768%2C512&amp;ssl=1 768w, https:\/\/i0.wp.com\/cuidadoresdelacasacomun.org\/sitio\/wp-content\/uploads\/2019\/09\/IMG-20190830-WA0048.jpg?resize=1024%2C682&amp;ssl=1 1024w\" sizes=\"(max-width: 1000px) 100vw, 1000px\" \/><\/figure><\/li><li class=\"blocks-gallery-item\"><figure><img loading=\"lazy\" decoding=\"async\" width=\"1280\" height=\"853\" data-attachment-id=\"1970\" data-permalink=\"https:\/\/cuidadoresdelacasacomun.org\/sitio\/encuentro-regional-de-cuidadores-en-parana\/img-20190830-wa0059\/\" data-orig-file=\"https:\/\/i0.wp.com\/cuidadoresdelacasacomun.org\/sitio\/wp-content\/uploads\/2019\/09\/IMG-20190830-WA0059.jpg?fit=1280%2C853&amp;ssl=1\" data-orig-size=\"1280,853\" data-comments-opened=\"0\" data-image-meta=\"{&quot;aperture&quot;:&quot;0&quot;,&quot;credit&quot;:&quot;&quot;,&quot;camera&quot;:&quot;&quot;,&quot;caption&quot;:&quot;&quot;,&quot;created_timestamp&quot;:&quot;0&quot;,&quot;copyright&quot;:&quot;&quot;,&quot;focal_length&quot;:&quot;0&quot;,&quot;iso&quot;:&quot;0&quot;,&quot;shutter_speed&quot;:&quot;0&quot;,&quot;title&quot;:&quot;&quot;,&quot;orientation&quot;:&quot;0&quot;}\" data-image-title=\"IMG-20190830-WA0059\" data-image-description=\"\" data-image-caption=\"\" data-large-file=\"https:\/\/i0.wp.com\/cuidadoresdelacasacomun.org\/sitio\/wp-content\/uploads\/2019\/09\/IMG-20190830-WA0059.jpg?fit=1024%2C682&amp;ssl=1\" src=\"https:\/\/i2.wp.com\/cuidadoresdelacasacomun.org\/sitio\/wp-content\/uploads\/2019\/09\/IMG-20190830-WA0059.jpg?fit=1024%2C682&amp;ssl=1\" alt=\"\" data-id=\"1970\" data-link=\"https:\/\/cuidadoresdelacasacomun.org\/sitio\/?attachment_id=1970\" class=\"wp-image-1970\" srcset=\"https:\/\/i0.wp.com\/cuidadoresdelacasacomun.org\/sitio\/wp-content\/uploads\/2019\/09\/IMG-20190830-WA0059.jpg?w=1280&amp;ssl=1 1280w, https:\/\/i0.wp.com\/cuidadoresdelacasacomun.org\/sitio\/wp-content\/uploads\/2019\/09\/IMG-20190830-WA0059.jpg?resize=300%2C200&amp;ssl=1 300w, https:\/\/i0.wp.com\/cuidadoresdelacasacomun.org\/sitio\/wp-content\/uploads\/2019\/09\/IMG-20190830-WA0059.jpg?resize=768%2C512&amp;ssl=1 768w, https:\/\/i0.wp.com\/cuidadoresdelacasacomun.org\/sitio\/wp-content\/uploads\/2019\/09\/IMG-20190830-WA0059.jpg?resize=1024%2C682&amp;ssl=1 1024w\" sizes=\"(max-width: 1000px) 100vw, 1000px\" \/><\/figure><\/li><li class=\"blocks-gallery-item\"><figure><img loading=\"lazy\" decoding=\"async\" width=\"1280\" height=\"853\" data-attachment-id=\"1971\" data-permalink=\"https:\/\/cuidadoresdelacasacomun.org\/sitio\/encuentro-regional-de-cuidadores-en-parana\/img-20190830-wa0070\/\" data-orig-file=\"https:\/\/i0.wp.com\/cuidadoresdelacasacomun.org\/sitio\/wp-content\/uploads\/2019\/09\/IMG-20190830-WA0070.jpg?fit=1280%2C853&amp;ssl=1\" data-orig-size=\"1280,853\" data-comments-opened=\"0\" data-image-meta=\"{&quot;aperture&quot;:&quot;0&quot;,&quot;credit&quot;:&quot;&quot;,&quot;camera&quot;:&quot;&quot;,&quot;caption&quot;:&quot;&quot;,&quot;created_timestamp&quot;:&quot;0&quot;,&quot;copyright&quot;:&quot;&quot;,&quot;focal_length&quot;:&quot;0&quot;,&quot;iso&quot;:&quot;0&quot;,&quot;shutter_speed&quot;:&quot;0&quot;,&quot;title&quot;:&quot;&quot;,&quot;orientation&quot;:&quot;0&quot;}\" data-image-title=\"IMG-20190830-WA0070\" data-image-description=\"\" data-image-caption=\"\" data-large-file=\"https:\/\/i0.wp.com\/cuidadoresdelacasacomun.org\/sitio\/wp-content\/uploads\/2019\/09\/IMG-20190830-WA0070.jpg?fit=1024%2C682&amp;ssl=1\" src=\"https:\/\/i2.wp.com\/cuidadoresdelacasacomun.org\/sitio\/wp-content\/uploads\/2019\/09\/IMG-20190830-WA0070.jpg?fit=1024%2C682&amp;ssl=1\" alt=\"\" data-id=\"1971\" data-link=\"https:\/\/cuidadoresdelacasacomun.org\/sitio\/?attachment_id=1971\" class=\"wp-image-1971\" srcset=\"https:\/\/i0.wp.com\/cuidadoresdelacasacomun.org\/sitio\/wp-content\/uploads\/2019\/09\/IMG-20190830-WA0070.jpg?w=1280&amp;ssl=1 1280w, https:\/\/i0.wp.com\/cuidadoresdelacasacomun.org\/sitio\/wp-content\/uploads\/2019\/09\/IMG-20190830-WA0070.jpg?resize=300%2C200&amp;ssl=1 300w, https:\/\/i0.wp.com\/cuidadoresdelacasacomun.org\/sitio\/wp-content\/uploads\/2019\/09\/IMG-20190830-WA0070.jpg?resize=768%2C512&amp;ssl=1 768w, https:\/\/i0.wp.com\/cuidadoresdelacasacomun.org\/sitio\/wp-content\/uploads\/2019\/09\/IMG-20190830-WA0070.jpg?resize=1024%2C682&amp;ssl=1 1024w\" sizes=\"(max-width: 1000px) 100vw, 1000px\" \/><\/figure><\/li><\/ul>\n","protected":false},"excerpt":{"rendered":"<p>Se realiz\u00f3 en el Centro Mari\u00e1polis de Paran\u00e1 el Encuentro Regional de Cuidadores de la Casa Com\u00fan bajo el lema \u201cViaevolutionis: Cuidadores por el Camino de la Vida\u00bb, organizado por el&nbsp; Ministerio de Desarrollo Social de Entre R\u00edos, y cont\u00f3 con la participaci\u00f3n de 150 j\u00f3venes de siete localidades de esa provincia y tambi\u00e9n de [&hellip;]<\/p>\n","protected":false},"author":3,"featured_media":1961,"comment_status":"closed","ping_status":"open","sticky":false,"template":"","format":"standard","meta":{"_monsterinsights_skip_tracking":false,"_monsterinsights_sitenote_active":false,"_monsterinsights_sitenote_note":"","_monsterinsights_sitenote_category":0,"site-sidebar-layout":"default","site-content-layout":"default","ast-site-content-layout":"default","site-content-style":"default","site-sidebar-style":"default","ast-global-header-display":"","ast-banner-title-visibility":"","ast-main-header-display":"","ast-hfb-above-header-display":"","ast-hfb-below-header-display":"","ast-hfb-mobile-header-display":"","site-post-title":"","ast-breadcrumbs-content":"","ast-featured-img":"","footer-sml-layout":"","ast-disable-related-posts":"","theme-transparent-header-meta":"default","adv-header-id-meta":"","stick-header-meta":"","header-above-stick-meta":"","header-main-stick-meta":"","header-below-stick-meta":"","astra-migrate-meta-layouts":"default","ast-page-background-enabled":"default","ast-page-background-meta":{"desktop":{"background-color":"","background-image":"","background-repeat":"repeat","background-position":"center center","background-size":"auto","background-attachment":"scroll","background-type":"","background-media":"","overlay-type":"","overlay-color":"","overlay-opacity":"","overlay-gradient":""},"tablet":{"background-color":"","background-image":"","background-repeat":"repeat","background-position":"center center","background-size":"auto","background-attachment":"scroll","background-type":"","background-media":"","overlay-type":"","overlay-color":"","overlay-opacity":"","overlay-gradient":""},"mobile":{"background-color":"","background-image":"","background-repeat":"repeat","background-position":"center center","background-size":"auto","background-attachment":"scroll","background-type":"","background-media":"","overlay-type":"","overlay-color":"","overlay-opacity":"","overlay-gradient":""}},"ast-content-background-meta":{"desktop":{"background-color":"var(--ast-global-color-5)","background-image":"","background-repeat":"repeat","background-position":"center center","background-size":"auto","background-attachment":"scroll","background-type":"","background-media":"","overlay-type":"","overlay-color":"","overlay-opacity":"","overlay-gradient":""},"tablet":{"background-color":"var(--ast-global-color-5)","background-image":"","background-repeat":"repeat","background-position":"center center","background-size":"auto","background-attachment":"scroll","background-type":"","background-media":"","overlay-type":"","overlay-color":"","overlay-opacity":"","overlay-gradient":""},"mobile":{"background-color":"var(--ast-global-color-5)","background-image":"","background-repeat":"repeat","background-position":"center center","background-size":"auto","background-attachment":"scroll","background-type":"","background-media":"","overlay-type":"","overlay-color":"","overlay-opacity":"","overlay-gradient":""}},"jetpack_post_was_ever_published":false,"_jetpack_newsletter_access":"","_jetpack_dont_email_post_to_subs":false,"_jetpack_newsletter_tier_id":0,"_jetpack_memberships_contains_paywalled_content":false,"_jetpack_memberships_contains_paid_content":false,"footnotes":"","jetpack_publicize_message":"","jetpack_publicize_feature_enabled":true,"jetpack_social_post_already_shared":true,"jetpack_social_options":{"image_generator_settings":{"template":"highway","default_image_id":0,"font":"","enabled":false},"version":2}},"categories":[34],"tags":[],"class_list":["post-1960","post","type-post","status-publish","format-standard","has-post-thumbnail","hentry","category-novedades"],"jetpack_publicize_connections":[],"jetpack_featured_media_url":"https:\/\/i0.wp.com\/cuidadoresdelacasacomun.org\/sitio\/wp-content\/uploads\/2019\/09\/IMG-20190830-WA0076.jpg?fit=1280%2C853&ssl=1","jetpack_sharing_enabled":true,"jetpack_shortlink":"https:\/\/wp.me\/paqpSn-vC","jetpack_likes_enabled":false,"_links":{"self":[{"href":"https:\/\/cuidadoresdelacasacomun.org\/sitio\/wp-json\/wp\/v2\/posts\/1960","targetHints":{"allow":["GET"]}}],"collection":[{"href":"https:\/\/cuidadoresdelacasacomun.org\/sitio\/wp-json\/wp\/v2\/posts"}],"about":[{"href":"https:\/\/cuidadoresdelacasacomun.org\/sitio\/wp-json\/wp\/v2\/types\/post"}],"author":[{"embeddable":true,"href":"https:\/\/cuidadoresdelacasacomun.org\/sitio\/wp-json\/wp\/v2\/users\/3"}],"replies":[{"embeddable":true,"href":"https:\/\/cuidadoresdelacasacomun.org\/sitio\/wp-json\/wp\/v2\/comments?post=1960"}],"version-history":[{"count":3,"href":"https:\/\/cuidadoresdelacasacomun.org\/sitio\/wp-json\/wp\/v2\/posts\/1960\/revisions"}],"predecessor-version":[{"id":1974,"href":"https:\/\/cuidadoresdelacasacomun.org\/sitio\/wp-json\/wp\/v2\/posts\/1960\/revisions\/1974"}],"wp:featuredmedia":[{"embeddable":true,"href":"https:\/\/cuidadoresdelacasacomun.org\/sitio\/wp-json\/wp\/v2\/media\/1961"}],"wp:attachment":[{"href":"https:\/\/cuidadoresdelacasacomun.org\/sitio\/wp-json\/wp\/v2\/media?parent=1960"}],"wp:term":[{"taxonomy":"category","embeddable":true,"href":"https:\/\/cuidadoresdelacasacomun.org\/sitio\/wp-json\/wp\/v2\/categories?post=1960"},{"taxonomy":"post_tag","embeddable":true,"href":"https:\/\/cuidadoresdelacasacomun.org\/sitio\/wp-json\/wp\/v2\/tags?post=1960"}],"curies":[{"name":"wp","href":"https:\/\/api.w.org\/{rel}","templated":true}]}}