{"id":1978,"date":"2019-11-14T22:52:28","date_gmt":"2019-11-14T22:52:28","guid":{"rendered":"https:\/\/cuidadoresdelacasacomun.org\/sitio\/?p=1978"},"modified":"2019-11-14T23:07:37","modified_gmt":"2019-11-14T23:07:37","slug":"cuidadores-de-la-casa-comun-fue-distinguido-con-el-poliedro-por-la-paz-por-proyectos-de-turismo-sustentable","status":"publish","type":"post","link":"https:\/\/cuidadoresdelacasacomun.org\/sitio\/cuidadores-de-la-casa-comun-fue-distinguido-con-el-poliedro-por-la-paz-por-proyectos-de-turismo-sustentable\/","title":{"rendered":"Cuidadores de la Casa Com\u00fan fue distinguido con el \u201cPoliedro por la Paz\u201d por proyectos de turismo sustentable"},"content":{"rendered":"\n<p>El Movimiento Cuidadores de la Casa Com\u00fan recibi\u00f3 por segunda vez la distinci\u00f3n \u201cPoliedro por la Paz\u201d en esta oportunidad por el Turismo Sustentable en la provincia de Entre R\u00edos. El premio fue instituido por la Comisi\u00f3n Nacional Justicia y Paz (CNJP), organismo de la Conferencia Episcopal Argentina de la Iglesia Cat\u00f3lica bajo el lema \u201cVence la indiferencia y conquista la paz\u201d.<br>Luis \u201cCosita\u201d Romero es una de las personas que impulsa el proyecto en esa provincia y en el momento de agradecer el reconocimiento, con una profunda emoci\u00f3n, record\u00f3 su origen humilde y la lucha emprendida durante la presidencia de Carlos S. Menem contra la Represa del Paran\u00e1 Medio. Es un referente de la lucha ambiental en el Litoral, es un pescador integrante de los Baqueanos del R\u00edo Paran\u00e1 y se sum\u00f3 a Cuidadores donde se transform\u00f3 en un gu\u00eda tur\u00edstico n\u00e1utico.<br>El turismo sustentable en Entre R\u00edos se desarrolla en el humedal m\u00e1s extenso del planeta, donde se pueden observar la flora y la fauna, compartir leyendas y an\u00e9cdotas, visitar el Islote Curupi, realizar paseos en canoas de madera y gu\u00edas de pesca deportiva. El proyecta cuenta con el apoyo la Fundaci\u00f3n Eco Urbano y del Ministerio Desarrollo Social. Cabe mencionar que el gobierno de esa provincia consider\u00f3 como pol\u00edtica p\u00fablica a Cuidadores de la Casa Com\u00fan. Por ejemplo en la ciudad entrerriana de Victoria el movimiento organiza junto al Taller Flotante un Circuito de EcoTurismo, el cual es parte del emprendimiento conjunto de Turismo Comunitario y Ecol\u00f3gico, como forma de ofrecer un servicio, tanto a los turistas como a los habitantes de la ciudad, para lograr una salida laboral de base comunitaria y en el marco de la econom\u00eda social y solidaria. El emprendimiento cuenta con gu\u00edas locales del Barrio Quinto Cuartel de Victoria encargados de dar a conocer el territorio de las islas y costa de la cuenca sur del Plata-Paran\u00e1 a turistas, y ser a su vez, los protectores del mismo. La actividad consiste en un primer circuito urbano en el barrio y luego el cruce en canoa a la zona de islas, para conocer sus riquezas hist\u00f3ricas, culturales y naturales.<\/p>\n\n\n\n<h2 class=\"wp-block-heading\">Cuidadores se inspira en la Carta Enc\u00edclica Laudato S\u00ed<\/h2>\n\n\n\n<p>Asistieron adem\u00e1s a la entrega del \u201cPoliedro por la Paz\u201d, que tuvo lugar en la sede de la Canciller\u00eda Argentina en el Sal\u00f3n Libertador del Palacio San Mart\u00edn de la Ciudad Aut\u00f3noma de Buenos Aires, varios miembros de Cuidadores entre ellos la directora Lic. Martha Arriola; la presidenta de la Fundaci\u00f3n de Estudios Regionales, Dra. Sonia Herrera; Clara Vernet y Juan Pablo Tetamanteti.<br>Cuidadores de la Casa Com\u00fan bajo la coordinaci\u00f3n a nivel nacional de Mons. Jorge Lugones, presidente de la Pastoral Social y Obispo de Lomas de Zamora, surgi\u00f3 en 2015 como una respuesta a la exhortaci\u00f3n del Papa Francisco en Laudato Si\u2019, est\u00e1 conformado por una red de organizaciones y referentes sociales, lo integran unos 3000 j\u00f3venes en 16 provincias distribuidos en m\u00e1s de 62 barrios populares quienes participan de las propuestas elaboradas en los siguientes ejes tem\u00e1ticos: Trabajo con la Tierra; La cuesti\u00f3n del Agua; Industrias y Productos Culturales; Energ\u00edas Limpias; Alimentos Saludables;<br> Reciclado; Promoci\u00f3n y Gesti\u00f3n Ambiental.<br>Su fundamento consiste en generar oportunidades de trabajo digno a j\u00f3venes en circunstancias de extrema vulnerabilidad, a su vez desarrollar tareas de concientizaci\u00f3n, cuidado y defensa de la casa com\u00fan.<br>Est\u00e1 conformado por una red de organizaciones y referentes sociales a nivel nacional con inserci\u00f3n en zonas desfavorables, la cual cuenta con una vasta experiencia consolidada a trav\u00e9s del tiempo en la responsabilidad de transformar la deuda profunda con los j\u00f3venes que viven en situaci\u00f3n de exclusi\u00f3n.<\/p>\n\n\n\n<figure class=\"wp-block-image\"><img data-recalc-dims=\"1\" fetchpriority=\"high\" decoding=\"async\" width=\"640\" height=\"480\" data-attachment-id=\"1980\" data-permalink=\"https:\/\/cuidadoresdelacasacomun.org\/sitio\/cuidadores-de-la-casa-comun-fue-distinguido-con-el-poliedro-por-la-paz-por-proyectos-de-turismo-sustentable\/74875764_1655606531230700_8449593374507270144_n\/\" data-orig-file=\"https:\/\/i0.wp.com\/cuidadoresdelacasacomun.org\/sitio\/wp-content\/uploads\/2019\/11\/74875764_1655606531230700_8449593374507270144_n.jpg?fit=640%2C480&amp;ssl=1\" data-orig-size=\"640,480\" data-comments-opened=\"0\" data-image-meta=\"{&quot;aperture&quot;:&quot;0&quot;,&quot;credit&quot;:&quot;&quot;,&quot;camera&quot;:&quot;&quot;,&quot;caption&quot;:&quot;&quot;,&quot;created_timestamp&quot;:&quot;0&quot;,&quot;copyright&quot;:&quot;&quot;,&quot;focal_length&quot;:&quot;0&quot;,&quot;iso&quot;:&quot;0&quot;,&quot;shutter_speed&quot;:&quot;0&quot;,&quot;title&quot;:&quot;&quot;,&quot;orientation&quot;:&quot;0&quot;}\" data-image-title=\"74875764_1655606531230700_8449593374507270144_n\" data-image-description=\"\" data-image-caption=\"\" data-large-file=\"https:\/\/i0.wp.com\/cuidadoresdelacasacomun.org\/sitio\/wp-content\/uploads\/2019\/11\/74875764_1655606531230700_8449593374507270144_n.jpg?fit=640%2C480&amp;ssl=1\" src=\"https:\/\/i0.wp.com\/cuidadoresdelacasacomun.org\/sitio\/wp-content\/uploads\/2019\/11\/74875764_1655606531230700_8449593374507270144_n.jpg?resize=640%2C480&#038;ssl=1\" alt=\"\" class=\"wp-image-1980\" srcset=\"https:\/\/i0.wp.com\/cuidadoresdelacasacomun.org\/sitio\/wp-content\/uploads\/2019\/11\/74875764_1655606531230700_8449593374507270144_n.jpg?w=640&amp;ssl=1 640w, https:\/\/i0.wp.com\/cuidadoresdelacasacomun.org\/sitio\/wp-content\/uploads\/2019\/11\/74875764_1655606531230700_8449593374507270144_n.jpg?resize=300%2C225&amp;ssl=1 300w\" sizes=\"(max-width: 640px) 100vw, 640px\" \/><\/figure>\n","protected":false},"excerpt":{"rendered":"<p>El Movimiento Cuidadores de la Casa Com\u00fan recibi\u00f3 por segunda vez la distinci\u00f3n \u201cPoliedro por la Paz\u201d en esta oportunidad por el Turismo Sustentable en la provincia de Entre R\u00edos. El premio fue instituido por la Comisi\u00f3n Nacional Justicia y Paz (CNJP), organismo de la Conferencia Episcopal Argentina de la Iglesia Cat\u00f3lica bajo el lema [&hellip;]<\/p>\n","protected":false},"author":3,"featured_media":1979,"comment_status":"closed","ping_status":"open","sticky":false,"template":"","format":"standard","meta":{"_monsterinsights_skip_tracking":false,"_monsterinsights_sitenote_active":false,"_monsterinsights_sitenote_note":"","_monsterinsights_sitenote_category":0,"site-sidebar-layout":"default","site-content-layout":"default","ast-site-content-layout":"default","site-content-style":"default","site-sidebar-style":"default","ast-global-header-display":"","ast-banner-title-visibility":"","ast-main-header-display":"","ast-hfb-above-header-display":"","ast-hfb-below-header-display":"","ast-hfb-mobile-header-display":"","site-post-title":"","ast-breadcrumbs-content":"","ast-featured-img":"","footer-sml-layout":"","ast-disable-related-posts":"","theme-transparent-header-meta":"default","adv-header-id-meta":"","stick-header-meta":"","header-above-stick-meta":"","header-main-stick-meta":"","header-below-stick-meta":"","astra-migrate-meta-layouts":"default","ast-page-background-enabled":"default","ast-page-background-meta":{"desktop":{"background-color":"","background-image":"","background-repeat":"repeat","background-position":"center center","background-size":"auto","background-attachment":"scroll","background-type":"","background-media":"","overlay-type":"","overlay-color":"","overlay-opacity":"","overlay-gradient":""},"tablet":{"background-color":"","background-image":"","background-repeat":"repeat","background-position":"center center","background-size":"auto","background-attachment":"scroll","background-type":"","background-media":"","overlay-type":"","overlay-color":"","overlay-opacity":"","overlay-gradient":""},"mobile":{"background-color":"","background-image":"","background-repeat":"repeat","background-position":"center center","background-size":"auto","background-attachment":"scroll","background-type":"","background-media":"","overlay-type":"","overlay-color":"","overlay-opacity":"","overlay-gradient":""}},"ast-content-background-meta":{"desktop":{"background-color":"var(--ast-global-color-5)","background-image":"","background-repeat":"repeat","background-position":"center center","background-size":"auto","background-attachment":"scroll","background-type":"","background-media":"","overlay-type":"","overlay-color":"","overlay-opacity":"","overlay-gradient":""},"tablet":{"background-color":"var(--ast-global-color-5)","background-image":"","background-repeat":"repeat","background-position":"center center","background-size":"auto","background-attachment":"scroll","background-type":"","background-media":"","overlay-type":"","overlay-color":"","overlay-opacity":"","overlay-gradient":""},"mobile":{"background-color":"var(--ast-global-color-5)","background-image":"","background-repeat":"repeat","background-position":"center center","background-size":"auto","background-attachment":"scroll","background-type":"","background-media":"","overlay-type":"","overlay-color":"","overlay-opacity":"","overlay-gradient":""}},"jetpack_post_was_ever_published":false,"_jetpack_newsletter_access":"","_jetpack_dont_email_post_to_subs":false,"_jetpack_newsletter_tier_id":0,"_jetpack_memberships_contains_paywalled_content":false,"_jetpack_memberships_contains_paid_content":false,"footnotes":"","jetpack_publicize_message":"","jetpack_publicize_feature_enabled":true,"jetpack_social_post_already_shared":true,"jetpack_social_options":{"image_generator_settings":{"template":"highway","default_image_id":0,"font":"","enabled":false},"version":2}},"categories":[34],"tags":[],"class_list":["post-1978","post","type-post","status-publish","format-standard","has-post-thumbnail","hentry","category-novedades"],"jetpack_publicize_connections":[],"jetpack_featured_media_url":"https:\/\/i0.wp.com\/cuidadoresdelacasacomun.org\/sitio\/wp-content\/uploads\/2019\/11\/75098759_2517748371829923_574919975735656448_n.jpg?fit=640%2C480&ssl=1","jetpack_sharing_enabled":true,"jetpack_shortlink":"https:\/\/wp.me\/paqpSn-vU","jetpack_likes_enabled":false,"_links":{"self":[{"href":"https:\/\/cuidadoresdelacasacomun.org\/sitio\/wp-json\/wp\/v2\/posts\/1978","targetHints":{"allow":["GET"]}}],"collection":[{"href":"https:\/\/cuidadoresdelacasacomun.org\/sitio\/wp-json\/wp\/v2\/posts"}],"about":[{"href":"https:\/\/cuidadoresdelacasacomun.org\/sitio\/wp-json\/wp\/v2\/types\/post"}],"author":[{"embeddable":true,"href":"https:\/\/cuidadoresdelacasacomun.org\/sitio\/wp-json\/wp\/v2\/users\/3"}],"replies":[{"embeddable":true,"href":"https:\/\/cuidadoresdelacasacomun.org\/sitio\/wp-json\/wp\/v2\/comments?post=1978"}],"version-history":[{"count":2,"href":"https:\/\/cuidadoresdelacasacomun.org\/sitio\/wp-json\/wp\/v2\/posts\/1978\/revisions"}],"predecessor-version":[{"id":1982,"href":"https:\/\/cuidadoresdelacasacomun.org\/sitio\/wp-json\/wp\/v2\/posts\/1978\/revisions\/1982"}],"wp:featuredmedia":[{"embeddable":true,"href":"https:\/\/cuidadoresdelacasacomun.org\/sitio\/wp-json\/wp\/v2\/media\/1979"}],"wp:attachment":[{"href":"https:\/\/cuidadoresdelacasacomun.org\/sitio\/wp-json\/wp\/v2\/media?parent=1978"}],"wp:term":[{"taxonomy":"category","embeddable":true,"href":"https:\/\/cuidadoresdelacasacomun.org\/sitio\/wp-json\/wp\/v2\/categories?post=1978"},{"taxonomy":"post_tag","embeddable":true,"href":"https:\/\/cuidadoresdelacasacomun.org\/sitio\/wp-json\/wp\/v2\/tags?post=1978"}],"curies":[{"name":"wp","href":"https:\/\/api.w.org\/{rel}","templated":true}]}}