{"id":2992,"date":"2024-04-16T22:39:18","date_gmt":"2024-04-16T22:39:18","guid":{"rendered":"https:\/\/cuidadoresdelacasacomun.org\/sitio\/?p=2992"},"modified":"2024-04-16T22:39:21","modified_gmt":"2024-04-16T22:39:21","slug":"la-educacion-y-la-disputa-sobre-los-derechos-basicos","status":"publish","type":"post","link":"https:\/\/cuidadoresdelacasacomun.org\/sitio\/la-educacion-y-la-disputa-sobre-los-derechos-basicos\/","title":{"rendered":"La educaci\u00f3n y la disputa sobre los derechos b\u00e1sicos\u00a0"},"content":{"rendered":"\n<p>El gobierno nacional viene realizando un ajustazo desde el inicio de su mandato, que se encuentra en un punto de inflexi\u00f3n, no s\u00f3lo por la dif\u00edcil y grave situaci\u00f3n en que pone a la poblaci\u00f3n, sino y de un modo no menor, porque necesita para garantizar su continuidad, profundizar y ganar la batalla del relato social, la tan mentada batalla cultural.<\/p>\n\n\n\n<p>Por esta raz\u00f3n, hoy m\u00e1s que nunca resulta insoslayable, definir, comunicar y contraponer nuestro ideario y el punto de partida de nuestra pr\u00e1ctica, frente a un gobierno que d\u00eda a d\u00eda construye la idea del enemigo de turno, abonando el terreno para la destrucci\u00f3n de lo publico. La educaci\u00f3n, en ese marco, es un objetivo principal.<\/p>\n\n\n\n<p>Para el movimiento Nacional Cuidadores de la Casa Com\u00fan, la educaci\u00f3n resulta un vector central en su pr\u00e1ctica.<\/p>\n\n\n\n<figure class=\"wp-block-image size-large is-resized\"><img data-recalc-dims=\"1\" fetchpriority=\"high\" decoding=\"async\" width=\"1024\" height=\"576\" data-attachment-id=\"2993\" data-permalink=\"https:\/\/cuidadoresdelacasacomun.org\/sitio\/la-educacion-y-la-disputa-sobre-los-derechos-basicos\/imagen-de-whatsapp-2024-04-16-a-las-11-19-53_afa7c318\/\" data-orig-file=\"https:\/\/i0.wp.com\/cuidadoresdelacasacomun.org\/sitio\/wp-content\/uploads\/2024\/04\/Imagen-de-WhatsApp-2024-04-16-a-las-11.19.53_afa7c318.jpg?fit=1280%2C720&amp;ssl=1\" data-orig-size=\"1280,720\" data-comments-opened=\"0\" data-image-meta=\"{&quot;aperture&quot;:&quot;0&quot;,&quot;credit&quot;:&quot;&quot;,&quot;camera&quot;:&quot;&quot;,&quot;caption&quot;:&quot;&quot;,&quot;created_timestamp&quot;:&quot;0&quot;,&quot;copyright&quot;:&quot;&quot;,&quot;focal_length&quot;:&quot;0&quot;,&quot;iso&quot;:&quot;0&quot;,&quot;shutter_speed&quot;:&quot;0&quot;,&quot;title&quot;:&quot;&quot;,&quot;orientation&quot;:&quot;0&quot;}\" data-image-title=\"Imagen-de-WhatsApp-2024-04-16-a-las-11.19.53_afa7c318\" data-image-description=\"\" data-image-caption=\"\" data-large-file=\"https:\/\/i0.wp.com\/cuidadoresdelacasacomun.org\/sitio\/wp-content\/uploads\/2024\/04\/Imagen-de-WhatsApp-2024-04-16-a-las-11.19.53_afa7c318.jpg?fit=1024%2C576&amp;ssl=1\" src=\"https:\/\/i0.wp.com\/cuidadoresdelacasacomun.org\/sitio\/wp-content\/uploads\/2024\/04\/Imagen-de-WhatsApp-2024-04-16-a-las-11.19.53_afa7c318.jpg?resize=1024%2C576&#038;ssl=1\" alt=\"\" class=\"wp-image-2993\" style=\"width:640px;height:auto\" srcset=\"https:\/\/i0.wp.com\/cuidadoresdelacasacomun.org\/sitio\/wp-content\/uploads\/2024\/04\/Imagen-de-WhatsApp-2024-04-16-a-las-11.19.53_afa7c318.jpg?resize=1024%2C576&amp;ssl=1 1024w, https:\/\/i0.wp.com\/cuidadoresdelacasacomun.org\/sitio\/wp-content\/uploads\/2024\/04\/Imagen-de-WhatsApp-2024-04-16-a-las-11.19.53_afa7c318.jpg?resize=300%2C169&amp;ssl=1 300w, https:\/\/i0.wp.com\/cuidadoresdelacasacomun.org\/sitio\/wp-content\/uploads\/2024\/04\/Imagen-de-WhatsApp-2024-04-16-a-las-11.19.53_afa7c318.jpg?resize=768%2C432&amp;ssl=1 768w, https:\/\/i0.wp.com\/cuidadoresdelacasacomun.org\/sitio\/wp-content\/uploads\/2024\/04\/Imagen-de-WhatsApp-2024-04-16-a-las-11.19.53_afa7c318.jpg?w=1280&amp;ssl=1 1280w\" sizes=\"(max-width: 1000px) 100vw, 1000px\" \/><\/figure>\n\n\n\n<p>En principio porque es imposible desarrollar una tarea en comunidad, sin la disposici\u00f3n a un aprendizaje colectivo en el que cada quien tenga un lugar para decir lo propio y ser afectado por las ideas y sentires de otros<\/p>\n\n\n\n<p>Nos definimos como <strong>educadores populares <\/strong>y eso significa que nuestro punto de partida es la realidad y su lectura cr\u00edtica, lo que exige una opci\u00f3n \u00e9tico-pol\u00edtica<strong>. &nbsp;Es<\/strong>a opci\u00f3n es desde y para los intereses de los grupos excluidos, para la pervivencia de la madre tierra.<\/p>\n\n\n\n<p>Es una corresponsabilidad con desheredados y excluidos, pero tambi\u00e9n con el planeta, que al estar organizado sobre un modelo antropoc\u00e9ntrico ha ido degradando las formas de vida, que han sido vistas como menores y sometidas al control de lo humano.<\/p>\n\n\n\n<p><strong>Nuestra propuesta educativa implica en cada rinc\u00f3n de nuestra patria un proceso de encuentro cultural, confrontaci\u00f3n y di\u00e1logo de saberes<\/strong> y desde all\u00ed propicia la <strong>organizaci\u00f3n comunitaria para caminar hacia la transformaci\u00f3n de la actual sociedad en una m\u00e1s igualitaria<\/strong>.<\/p>\n\n\n\n<p>Por ello es indispensable que en cada lugar donde estemos no solo fortalezcamos el intercambio democr\u00e1tico, diverso, respetuoso de las diferencias, sino que tambi\u00e9n ayudemos a <strong>desmontar, desocultar la narrativa oficial que tiene en la educaci\u00f3n un blanco principal<\/strong>, que pone a circular teor\u00edas que degradan la escuela p\u00fablica, el lugar de lo comunitario &nbsp;y que &nbsp;suman cada d\u00eda una nueva apostilla, baste como ejemplo, la teor\u00eda del maestro adoctrinador y el 0800 para denunciarlo, la de la libertad de los padres para decidir si trabajo o educaci\u00f3n para hijas e hijos, la del servicio esencial con la finalidad primera de vulnerar el derecho al justo reclamo docente, etc. &nbsp;Todo remite a un mundo que atrasa y en el que el derecho de pibas y pibes a una educaci\u00f3n de calidad se ve afectado.<\/p>\n\n\n\n<p>Mientras tanto \u00bfque hizo hasta ahora el gobierno nacional en torno a la pol\u00edtica educativa? Entre algunas de sus decisiones:<\/p>\n\n\n\n<p><strong>No<\/strong> gir\u00f3 dinero del FONID, fondo nacional de incentivo docente.<\/p>\n\n\n\n<p><strong>No<\/strong> giro dinero para la continuidad de las obras en las escuelas.<\/p>\n\n\n\n<p><strong>No<\/strong> giro dinero para los programas pedag\u00f3gicos Educ. ar, 5ta hora, FINES, Conectar Igualdad.<\/p>\n\n\n\n<p><strong>No<\/strong> giro dinero para el fondo de compensaci\u00f3n salarial<\/p>\n\n\n\n<figure class=\"wp-block-gallery has-nested-images columns-default is-cropped wp-block-gallery-1 is-layout-flex wp-block-gallery-is-layout-flex\">\n<figure class=\"wp-block-image size-large\"><img data-recalc-dims=\"1\" decoding=\"async\" width=\"1024\" height=\"379\" data-attachment-id=\"2994\" data-permalink=\"https:\/\/cuidadoresdelacasacomun.org\/sitio\/la-educacion-y-la-disputa-sobre-los-derechos-basicos\/imagen-de-whatsapp-2024-04-16-a-las-11-33-46_8a1187e3\/\" data-orig-file=\"https:\/\/i0.wp.com\/cuidadoresdelacasacomun.org\/sitio\/wp-content\/uploads\/2024\/04\/Imagen-de-WhatsApp-2024-04-16-a-las-11.33.46_8a1187e3.jpg?fit=1280%2C474&amp;ssl=1\" data-orig-size=\"1280,474\" data-comments-opened=\"0\" data-image-meta=\"{&quot;aperture&quot;:&quot;0&quot;,&quot;credit&quot;:&quot;&quot;,&quot;camera&quot;:&quot;&quot;,&quot;caption&quot;:&quot;&quot;,&quot;created_timestamp&quot;:&quot;0&quot;,&quot;copyright&quot;:&quot;&quot;,&quot;focal_length&quot;:&quot;0&quot;,&quot;iso&quot;:&quot;0&quot;,&quot;shutter_speed&quot;:&quot;0&quot;,&quot;title&quot;:&quot;&quot;,&quot;orientation&quot;:&quot;0&quot;}\" data-image-title=\"Imagen-de-WhatsApp-2024-04-16-a-las-11.33.46_8a1187e3\" data-image-description=\"\" data-image-caption=\"\" data-large-file=\"https:\/\/i0.wp.com\/cuidadoresdelacasacomun.org\/sitio\/wp-content\/uploads\/2024\/04\/Imagen-de-WhatsApp-2024-04-16-a-las-11.33.46_8a1187e3.jpg?fit=1024%2C379&amp;ssl=1\" data-id=\"2994\" src=\"https:\/\/i0.wp.com\/cuidadoresdelacasacomun.org\/sitio\/wp-content\/uploads\/2024\/04\/Imagen-de-WhatsApp-2024-04-16-a-las-11.33.46_8a1187e3.jpg?resize=1024%2C379&#038;ssl=1\" alt=\"\" class=\"wp-image-2994\" srcset=\"https:\/\/i0.wp.com\/cuidadoresdelacasacomun.org\/sitio\/wp-content\/uploads\/2024\/04\/Imagen-de-WhatsApp-2024-04-16-a-las-11.33.46_8a1187e3.jpg?resize=1024%2C379&amp;ssl=1 1024w, https:\/\/i0.wp.com\/cuidadoresdelacasacomun.org\/sitio\/wp-content\/uploads\/2024\/04\/Imagen-de-WhatsApp-2024-04-16-a-las-11.33.46_8a1187e3.jpg?resize=300%2C111&amp;ssl=1 300w, https:\/\/i0.wp.com\/cuidadoresdelacasacomun.org\/sitio\/wp-content\/uploads\/2024\/04\/Imagen-de-WhatsApp-2024-04-16-a-las-11.33.46_8a1187e3.jpg?resize=768%2C284&amp;ssl=1 768w, https:\/\/i0.wp.com\/cuidadoresdelacasacomun.org\/sitio\/wp-content\/uploads\/2024\/04\/Imagen-de-WhatsApp-2024-04-16-a-las-11.33.46_8a1187e3.jpg?w=1280&amp;ssl=1 1280w\" sizes=\"(max-width: 1000px) 100vw, 1000px\" \/><\/figure>\n\n\n\n<figure class=\"wp-block-image size-large\"><img data-recalc-dims=\"1\" decoding=\"async\" width=\"1024\" height=\"576\" data-attachment-id=\"2995\" data-permalink=\"https:\/\/cuidadoresdelacasacomun.org\/sitio\/la-educacion-y-la-disputa-sobre-los-derechos-basicos\/imagen-de-whatsapp-2024-04-16-a-las-11-19-53_afa7c318-1\/\" data-orig-file=\"https:\/\/i0.wp.com\/cuidadoresdelacasacomun.org\/sitio\/wp-content\/uploads\/2024\/04\/Imagen-de-WhatsApp-2024-04-16-a-las-11.19.53_afa7c318-1.jpg?fit=1280%2C720&amp;ssl=1\" data-orig-size=\"1280,720\" data-comments-opened=\"0\" data-image-meta=\"{&quot;aperture&quot;:&quot;0&quot;,&quot;credit&quot;:&quot;&quot;,&quot;camera&quot;:&quot;&quot;,&quot;caption&quot;:&quot;&quot;,&quot;created_timestamp&quot;:&quot;0&quot;,&quot;copyright&quot;:&quot;&quot;,&quot;focal_length&quot;:&quot;0&quot;,&quot;iso&quot;:&quot;0&quot;,&quot;shutter_speed&quot;:&quot;0&quot;,&quot;title&quot;:&quot;&quot;,&quot;orientation&quot;:&quot;0&quot;}\" data-image-title=\"Imagen-de-WhatsApp-2024-04-16-a-las-11.19.53_afa7c318-1\" data-image-description=\"\" data-image-caption=\"\" data-large-file=\"https:\/\/i0.wp.com\/cuidadoresdelacasacomun.org\/sitio\/wp-content\/uploads\/2024\/04\/Imagen-de-WhatsApp-2024-04-16-a-las-11.19.53_afa7c318-1.jpg?fit=1024%2C576&amp;ssl=1\" data-id=\"2995\" src=\"https:\/\/i0.wp.com\/cuidadoresdelacasacomun.org\/sitio\/wp-content\/uploads\/2024\/04\/Imagen-de-WhatsApp-2024-04-16-a-las-11.19.53_afa7c318-1.jpg?resize=1024%2C576&#038;ssl=1\" alt=\"\" class=\"wp-image-2995\" srcset=\"https:\/\/i0.wp.com\/cuidadoresdelacasacomun.org\/sitio\/wp-content\/uploads\/2024\/04\/Imagen-de-WhatsApp-2024-04-16-a-las-11.19.53_afa7c318-1.jpg?resize=1024%2C576&amp;ssl=1 1024w, https:\/\/i0.wp.com\/cuidadoresdelacasacomun.org\/sitio\/wp-content\/uploads\/2024\/04\/Imagen-de-WhatsApp-2024-04-16-a-las-11.19.53_afa7c318-1.jpg?resize=300%2C169&amp;ssl=1 300w, https:\/\/i0.wp.com\/cuidadoresdelacasacomun.org\/sitio\/wp-content\/uploads\/2024\/04\/Imagen-de-WhatsApp-2024-04-16-a-las-11.19.53_afa7c318-1.jpg?resize=768%2C432&amp;ssl=1 768w, https:\/\/i0.wp.com\/cuidadoresdelacasacomun.org\/sitio\/wp-content\/uploads\/2024\/04\/Imagen-de-WhatsApp-2024-04-16-a-las-11.19.53_afa7c318-1.jpg?w=1280&amp;ssl=1 1280w\" sizes=\"(max-width: 1000px) 100vw, 1000px\" \/><\/figure>\n<\/figure>\n\n\n\n<p>A contra pelo de esto, la \u00fanica pol\u00edtica que se le ocurre al gobierno actual es poner en vigencia una prestaci\u00f3n temporaria a favor de las familias cuyos hijos asisten a instituciones educativas p\u00fablicas de gesti\u00f3n privada de niveles inicial, primario y secundario con aporte estatal.<\/p>\n\n\n\n<p>El famoso voucher, result\u00f3 apenas una limosna temporaria para algunos sectores que han optado por la escuela de gesti\u00f3n privada, seguramente con esfuerzo para sostenerlo.<\/p>\n\n\n\n<p>Un \u00faltimo subrayado para la educaci\u00f3n de j\u00f3venes y adultos, que hoy tambi\u00e9n desfinanciada, requiere del esfuerzo de las provincias para su continuidad.<br>La educaci\u00f3n de j\u00f3venes y adultos es una pol\u00edtica p\u00fablica muy importante, que ha tratado hist\u00f3ricamente de reparar la situaci\u00f3n de muchos argentinos y argentinas que no pudieron acceder plenamente al derecho a la educaci\u00f3n. Trayectorias interrumpidas, escolarizaciones de baja intensidad y analfabetismo, todo lo cual, sabemos, empeora en situaciones de empobrecimiento. &nbsp;Son los pa\u00edses m\u00e1s pobres -o con la peor distribuci\u00f3n de la riqueza y el ingreso- los que tienen las tasas m\u00e1s altas de analfabetismo.<\/p>\n\n\n\n<p>No hace falta decir que el plan nacional de terminalidad educativa Fines ha sido una herramienta muy valiosa para acompa\u00f1ar el desarrollo y crecimiento de las y los j\u00f3venes que pertenecen a nuestros espacios y construir nuevas oportunidades. Su debilitamiento, as\u00ed como el congelamiento presupuestario de las universidades, no hace mas que confirmar que no existe proyecto alguno para garantizar el presente y el futuro de los que habitan esta patria.<\/p>\n\n\n\n<p>Para sintetizar, nos encontramos frente a la reedici\u00f3n de las pol\u00edticas neoliberales que ponen en jaque la vida de los pueblos, deshumanizan, privan y vulneran sus derechos m\u00e1s elementales. Nuestro lugar es y ser\u00e1 de defensa del acceso a los derechos humanos para una plena integraci\u00f3n social, entre ellos del derecho a la educaci\u00f3n de ni\u00f1os, ni\u00f1as, adolescentes, j\u00f3venes y adultos<\/p>\n\n\n\n<p>Cuidadores de la Casa Com\u00fan seguir\u00e1 apostando al camino de lo colectivo, para aportar en esa direcci\u00f3n.<\/p>\n","protected":false},"excerpt":{"rendered":"<p>El gobierno nacional viene realizando un ajustazo desde el inicio de su mandato, que se encuentra en un punto de inflexi\u00f3n, no s\u00f3lo por la dif\u00edcil y grave situaci\u00f3n en que pone a la poblaci\u00f3n, sino y de un modo no menor, porque necesita para garantizar su continuidad, profundizar y ganar la batalla del relato [&hellip;]<\/p>\n","protected":false},"author":3,"featured_media":2996,"comment_status":"closed","ping_status":"open","sticky":false,"template":"","format":"standard","meta":{"_monsterinsights_skip_tracking":false,"_monsterinsights_sitenote_active":false,"_monsterinsights_sitenote_note":"","_monsterinsights_sitenote_category":0,"site-sidebar-layout":"default","site-content-layout":"","ast-site-content-layout":"default","site-content-style":"default","site-sidebar-style":"default","ast-global-header-display":"","ast-banner-title-visibility":"","ast-main-header-display":"","ast-hfb-above-header-display":"","ast-hfb-below-header-display":"","ast-hfb-mobile-header-display":"","site-post-title":"","ast-breadcrumbs-content":"","ast-featured-img":"","footer-sml-layout":"","ast-disable-related-posts":"","theme-transparent-header-meta":"","adv-header-id-meta":"","stick-header-meta":"","header-above-stick-meta":"","header-main-stick-meta":"","header-below-stick-meta":"","astra-migrate-meta-layouts":"default","ast-page-background-enabled":"default","ast-page-background-meta":{"desktop":{"background-color":"","background-image":"","background-repeat":"repeat","background-position":"center center","background-size":"auto","background-attachment":"scroll","background-type":"","background-media":"","overlay-type":"","overlay-color":"","overlay-opacity":"","overlay-gradient":""},"tablet":{"background-color":"","background-image":"","background-repeat":"repeat","background-position":"center center","background-size":"auto","background-attachment":"scroll","background-type":"","background-media":"","overlay-type":"","overlay-color":"","overlay-opacity":"","overlay-gradient":""},"mobile":{"background-color":"","background-image":"","background-repeat":"repeat","background-position":"center center","background-size":"auto","background-attachment":"scroll","background-type":"","background-media":"","overlay-type":"","overlay-color":"","overlay-opacity":"","overlay-gradient":""}},"ast-content-background-meta":{"desktop":{"background-color":"var(--ast-global-color-5)","background-image":"","background-repeat":"repeat","background-position":"center center","background-size":"auto","background-attachment":"scroll","background-type":"","background-media":"","overlay-type":"","overlay-color":"","overlay-opacity":"","overlay-gradient":""},"tablet":{"background-color":"var(--ast-global-color-5)","background-image":"","background-repeat":"repeat","background-position":"center center","background-size":"auto","background-attachment":"scroll","background-type":"","background-media":"","overlay-type":"","overlay-color":"","overlay-opacity":"","overlay-gradient":""},"mobile":{"background-color":"var(--ast-global-color-5)","background-image":"","background-repeat":"repeat","background-position":"center center","background-size":"auto","background-attachment":"scroll","background-type":"","background-media":"","overlay-type":"","overlay-color":"","overlay-opacity":"","overlay-gradient":""}},"jetpack_post_was_ever_published":false,"_jetpack_newsletter_access":"","_jetpack_dont_email_post_to_subs":false,"_jetpack_newsletter_tier_id":0,"_jetpack_memberships_contains_paywalled_content":false,"_jetpack_memberships_contains_paid_content":false,"footnotes":"","jetpack_publicize_message":"","jetpack_publicize_feature_enabled":true,"jetpack_social_post_already_shared":true,"jetpack_social_options":{"image_generator_settings":{"template":"highway","default_image_id":0,"font":"","enabled":false},"version":2}},"categories":[34],"tags":[101],"class_list":["post-2992","post","type-post","status-publish","format-standard","has-post-thumbnail","hentry","category-novedades","tag-educacion"],"jetpack_publicize_connections":[],"jetpack_featured_media_url":"https:\/\/i0.wp.com\/cuidadoresdelacasacomun.org\/sitio\/wp-content\/uploads\/2024\/04\/Imagen-de-WhatsApp-2024-04-16-a-las-11.23.38_bc22d286.jpg?fit=1280%2C719&ssl=1","jetpack_sharing_enabled":true,"jetpack_shortlink":"https:\/\/wp.me\/paqpSn-Mg","jetpack_likes_enabled":false,"_links":{"self":[{"href":"https:\/\/cuidadoresdelacasacomun.org\/sitio\/wp-json\/wp\/v2\/posts\/2992","targetHints":{"allow":["GET"]}}],"collection":[{"href":"https:\/\/cuidadoresdelacasacomun.org\/sitio\/wp-json\/wp\/v2\/posts"}],"about":[{"href":"https:\/\/cuidadoresdelacasacomun.org\/sitio\/wp-json\/wp\/v2\/types\/post"}],"author":[{"embeddable":true,"href":"https:\/\/cuidadoresdelacasacomun.org\/sitio\/wp-json\/wp\/v2\/users\/3"}],"replies":[{"embeddable":true,"href":"https:\/\/cuidadoresdelacasacomun.org\/sitio\/wp-json\/wp\/v2\/comments?post=2992"}],"version-history":[{"count":1,"href":"https:\/\/cuidadoresdelacasacomun.org\/sitio\/wp-json\/wp\/v2\/posts\/2992\/revisions"}],"predecessor-version":[{"id":2997,"href":"https:\/\/cuidadoresdelacasacomun.org\/sitio\/wp-json\/wp\/v2\/posts\/2992\/revisions\/2997"}],"wp:featuredmedia":[{"embeddable":true,"href":"https:\/\/cuidadoresdelacasacomun.org\/sitio\/wp-json\/wp\/v2\/media\/2996"}],"wp:attachment":[{"href":"https:\/\/cuidadoresdelacasacomun.org\/sitio\/wp-json\/wp\/v2\/media?parent=2992"}],"wp:term":[{"taxonomy":"category","embeddable":true,"href":"https:\/\/cuidadoresdelacasacomun.org\/sitio\/wp-json\/wp\/v2\/categories?post=2992"},{"taxonomy":"post_tag","embeddable":true,"href":"https:\/\/cuidadoresdelacasacomun.org\/sitio\/wp-json\/wp\/v2\/tags?post=2992"}],"curies":[{"name":"wp","href":"https:\/\/api.w.org\/{rel}","templated":true}]}}