{"id":35,"date":"2018-09-28T21:42:37","date_gmt":"2018-09-28T21:42:37","guid":{"rendered":"https:\/\/cuidadoresdelacasacomun.org\/sitio\/?p=35"},"modified":"2024-03-24T17:56:22","modified_gmt":"2024-03-24T17:56:22","slug":"proyecto","status":"publish","type":"post","link":"https:\/\/cuidadoresdelacasacomun.org\/sitio\/proyecto\/","title":{"rendered":"Proyecto"},"content":{"rendered":"\t\t<div data-elementor-type=\"wp-post\" data-elementor-id=\"35\" class=\"elementor elementor-35\">\n\t\t\t\t\t\t<section class=\"elementor-section elementor-top-section elementor-element elementor-element-70dd846e elementor-section-content-middle elementor-section-stretched elementor-section-boxed elementor-section-height-default elementor-section-height-default\" data-id=\"70dd846e\" data-element_type=\"section\" data-e-type=\"section\" data-settings=\"{&quot;stretch_section&quot;:&quot;section-stretched&quot;}\">\n\t\t\t\t\t\t<div class=\"elementor-container elementor-column-gap-no\">\n\t\t\t\t\t<div class=\"elementor-column elementor-col-50 elementor-top-column elementor-element elementor-element-3146f7ce\" data-id=\"3146f7ce\" data-element_type=\"column\" data-e-type=\"column\">\n\t\t\t<div class=\"elementor-widget-wrap elementor-element-populated\">\n\t\t\t\t\t\t<div class=\"elementor-element elementor-element-5caa61c8 elementor-widget elementor-widget-image\" data-id=\"5caa61c8\" data-element_type=\"widget\" data-e-type=\"widget\" data-widget_type=\"image.default\">\n\t\t\t\t<div class=\"elementor-widget-container\">\n\t\t\t\t\t\t\t\t\t\t\t\t\t\t\t<img fetchpriority=\"high\" decoding=\"async\" data-attachment-id=\"2311\" data-permalink=\"https:\/\/cuidadoresdelacasacomun.org\/sitio\/img_8749-11\/\" data-orig-file=\"https:\/\/i0.wp.com\/cuidadoresdelacasacomun.org\/sitio\/wp-content\/uploads\/2024\/03\/IMG_8749-11-scaled.jpg?fit=2560%2C1707&amp;ssl=1\" data-orig-size=\"2560,1707\" data-comments-opened=\"0\" data-image-meta=\"{&quot;aperture&quot;:&quot;7.1&quot;,&quot;credit&quot;:&quot;&quot;,&quot;camera&quot;:&quot;Canon EOS Rebel T7&quot;,&quot;caption&quot;:&quot;&quot;,&quot;created_timestamp&quot;:&quot;1695922606&quot;,&quot;copyright&quot;:&quot;&quot;,&quot;focal_length&quot;:&quot;39&quot;,&quot;iso&quot;:&quot;100&quot;,&quot;shutter_speed&quot;:&quot;0.008&quot;,&quot;title&quot;:&quot;&quot;,&quot;orientation&quot;:&quot;1&quot;}\" data-image-title=\"IMG_8749-1[1]\" data-image-description=\"\" data-image-caption=\"\" data-large-file=\"https:\/\/i0.wp.com\/cuidadoresdelacasacomun.org\/sitio\/wp-content\/uploads\/2024\/03\/IMG_8749-11-scaled.jpg?fit=1024%2C683&amp;ssl=1\" width=\"2560\" height=\"1707\" src=\"https:\/\/i0.wp.com\/cuidadoresdelacasacomun.org\/sitio\/wp-content\/uploads\/2024\/03\/IMG_8749-11-scaled.jpg?fit=2560%2C1707&amp;ssl=1\" class=\"attachment-full size-full wp-image-2311\" alt=\"\" srcset=\"https:\/\/i0.wp.com\/cuidadoresdelacasacomun.org\/sitio\/wp-content\/uploads\/2024\/03\/IMG_8749-11-scaled.jpg?w=2560&amp;ssl=1 2560w, https:\/\/i0.wp.com\/cuidadoresdelacasacomun.org\/sitio\/wp-content\/uploads\/2024\/03\/IMG_8749-11-scaled.jpg?resize=300%2C200&amp;ssl=1 300w, https:\/\/i0.wp.com\/cuidadoresdelacasacomun.org\/sitio\/wp-content\/uploads\/2024\/03\/IMG_8749-11-scaled.jpg?resize=1024%2C683&amp;ssl=1 1024w, https:\/\/i0.wp.com\/cuidadoresdelacasacomun.org\/sitio\/wp-content\/uploads\/2024\/03\/IMG_8749-11-scaled.jpg?resize=768%2C512&amp;ssl=1 768w, https:\/\/i0.wp.com\/cuidadoresdelacasacomun.org\/sitio\/wp-content\/uploads\/2024\/03\/IMG_8749-11-scaled.jpg?resize=1536%2C1024&amp;ssl=1 1536w, https:\/\/i0.wp.com\/cuidadoresdelacasacomun.org\/sitio\/wp-content\/uploads\/2024\/03\/IMG_8749-11-scaled.jpg?resize=2048%2C1365&amp;ssl=1 2048w, https:\/\/i0.wp.com\/cuidadoresdelacasacomun.org\/sitio\/wp-content\/uploads\/2024\/03\/IMG_8749-11-scaled.jpg?w=1960&amp;ssl=1 1960w\" sizes=\"(max-width: 980px) 100vw, 980px\" data-attachment-id=\"2311\" data-permalink=\"https:\/\/cuidadoresdelacasacomun.org\/sitio\/img_8749-11\/\" data-orig-file=\"https:\/\/i0.wp.com\/cuidadoresdelacasacomun.org\/sitio\/wp-content\/uploads\/2024\/03\/IMG_8749-11-scaled.jpg?fit=2560%2C1707&amp;ssl=1\" data-orig-size=\"2560,1707\" data-comments-opened=\"0\" data-image-meta=\"{&quot;aperture&quot;:&quot;7.1&quot;,&quot;credit&quot;:&quot;&quot;,&quot;camera&quot;:&quot;Canon EOS Rebel T7&quot;,&quot;caption&quot;:&quot;&quot;,&quot;created_timestamp&quot;:&quot;1695922606&quot;,&quot;copyright&quot;:&quot;&quot;,&quot;focal_length&quot;:&quot;39&quot;,&quot;iso&quot;:&quot;100&quot;,&quot;shutter_speed&quot;:&quot;0.008&quot;,&quot;title&quot;:&quot;&quot;,&quot;orientation&quot;:&quot;1&quot;}\" data-image-title=\"IMG_8749-1[1]\" data-image-description=\"\" data-image-caption=\"\" data-large-file=\"https:\/\/i0.wp.com\/cuidadoresdelacasacomun.org\/sitio\/wp-content\/uploads\/2024\/03\/IMG_8749-11-scaled.jpg?fit=980%2C654&amp;ssl=1\" \/>\t\t\t\t\t\t\t\t\t\t\t\t\t\t\t<\/div>\n\t\t\t\t<\/div>\n\t\t\t\t\t<\/div>\n\t\t<\/div>\n\t\t\t\t<div class=\"elementor-column elementor-col-50 elementor-top-column elementor-element elementor-element-377b718e\" data-id=\"377b718e\" data-element_type=\"column\" data-e-type=\"column\">\n\t\t\t<div class=\"elementor-widget-wrap elementor-element-populated\">\n\t\t\t\t\t\t<div class=\"elementor-element elementor-element-26b53a7 elementor-widget elementor-widget-spacer\" data-id=\"26b53a7\" data-element_type=\"widget\" data-e-type=\"widget\" data-widget_type=\"spacer.default\">\n\t\t\t\t<div class=\"elementor-widget-container\">\n\t\t\t\t\t\t\t<div class=\"elementor-spacer\">\n\t\t\t<div class=\"elementor-spacer-inner\"><\/div>\n\t\t<\/div>\n\t\t\t\t\t\t<\/div>\n\t\t\t\t<\/div>\n\t\t\t\t<div class=\"elementor-element elementor-element-405b8099 elementor-widget elementor-widget-text-editor\" data-id=\"405b8099\" data-element_type=\"widget\" data-e-type=\"widget\" data-widget_type=\"text-editor.default\">\n\t\t\t\t<div class=\"elementor-widget-container\">\n\t\t\t\t\t\t\t\t\t<p style=\"font-size: 22px; font-style: normal; font-weight: 400; text-align: left;\"><strong>Cuidadores de la Casa Com\u00fan<\/strong> nace en Argentina a finales de 2015 en respuesta a la&nbsp;<span style=\"font-size: 22px; font-weight: bold;\">Carta Enc\u00edclica&nbsp;<em style=\"font-size: 22px;\">Laudato Si<\/em>&nbsp;<\/span>del Papa Francisco. Somos una red de organizaciones sociales y comunitarias con el objetivo de generar nuevas condiciones de integraci\u00f3n para j\u00f3venes de barriadas populares a trav\u00e9s de la formaci\u00f3n y la generaci\u00f3n de oportunidades de trabajo digno en actividades vinculadas al cuidado de la Casa Com\u00fan, nuestra Tierra. Detr\u00e1s hay una larga historia de organizaciones que hicimos y hacemos una apuesta por trabajar en los territorios m\u00e1s empobrecidos y particularmente con j\u00f3venes.<span style=\"font-size: 22px; font-style: normal; font-weight: 400; font-family: var( --e-global-typography-text-font-family ), Sans-serif;\">&nbsp;<\/span><\/p>\t\t\t\t\t\t\t\t<\/div>\n\t\t\t\t<\/div>\n\t\t\t\t\t<\/div>\n\t\t<\/div>\n\t\t\t\t\t<\/div>\n\t\t<\/section>\n\t\t\t\t<section class=\"elementor-section elementor-top-section elementor-element elementor-element-262ed8d6 elementor-section-content-middle elementor-reverse-mobile elementor-section-stretched elementor-section-boxed elementor-section-height-default elementor-section-height-default\" data-id=\"262ed8d6\" data-element_type=\"section\" data-e-type=\"section\" data-settings=\"{&quot;stretch_section&quot;:&quot;section-stretched&quot;}\">\n\t\t\t\t\t\t<div class=\"elementor-container elementor-column-gap-no\">\n\t\t\t\t\t<div class=\"elementor-column elementor-col-50 elementor-top-column elementor-element elementor-element-16e1f630\" data-id=\"16e1f630\" data-element_type=\"column\" data-e-type=\"column\">\n\t\t\t<div class=\"elementor-widget-wrap elementor-element-populated\">\n\t\t\t\t\t\t<div class=\"elementor-element elementor-element-5b4af62 elementor-widget elementor-widget-spacer\" data-id=\"5b4af62\" data-element_type=\"widget\" data-e-type=\"widget\" data-widget_type=\"spacer.default\">\n\t\t\t\t<div class=\"elementor-widget-container\">\n\t\t\t\t\t\t\t<div class=\"elementor-spacer\">\n\t\t\t<div class=\"elementor-spacer-inner\"><\/div>\n\t\t<\/div>\n\t\t\t\t\t\t<\/div>\n\t\t\t\t<\/div>\n\t\t\t\t<div class=\"elementor-element elementor-element-903be83 elementor-widget elementor-widget-heading\" data-id=\"903be83\" data-element_type=\"widget\" data-e-type=\"widget\" data-widget_type=\"heading.default\">\n\t\t\t\t<div class=\"elementor-widget-container\">\n\t\t\t\t\t<h5 class=\"elementor-heading-title elementor-size-default\">misi\u00f3n<\/h5>\t\t\t\t<\/div>\n\t\t\t\t<\/div>\n\t\t\t\t<div class=\"elementor-element elementor-element-0c1b778 elementor-widget elementor-widget-text-editor\" data-id=\"0c1b778\" data-element_type=\"widget\" data-e-type=\"widget\" data-widget_type=\"text-editor.default\">\n\t\t\t\t<div class=\"elementor-widget-container\">\n\t\t\t\t\t\t\t\t\t<p><b>Nos mueve el llamado<\/b> de aportar al desaf\u00edo urgente de proteger nuestra Casa Com\u00fan desde la concepci\u00f3n de que <i><b>\u00abun verdadero planteo ecol\u00f3gico se convierte siempre en un planteo social, que debe integrar la justicia en las discusiones sobre el ambiente, para escuchar tanto el clamor de la tierra como el clamor de los pobres\u00bb.<\/b><\/i><\/p>\t\t\t\t\t\t\t\t<\/div>\n\t\t\t\t<\/div>\n\t\t\t\t\t<\/div>\n\t\t<\/div>\n\t\t\t\t<div class=\"elementor-column elementor-col-50 elementor-top-column elementor-element elementor-element-3b8801d\" data-id=\"3b8801d\" data-element_type=\"column\" data-e-type=\"column\">\n\t\t\t<div class=\"elementor-widget-wrap elementor-element-populated\">\n\t\t\t\t\t\t<div class=\"elementor-element elementor-element-4297a406 elementor-widget elementor-widget-image\" data-id=\"4297a406\" data-element_type=\"widget\" data-e-type=\"widget\" data-widget_type=\"image.default\">\n\t\t\t\t<div class=\"elementor-widget-container\">\n\t\t\t\t\t\t\t\t\t\t\t\t\t\t\t<img decoding=\"async\" data-attachment-id=\"2697\" data-permalink=\"https:\/\/cuidadoresdelacasacomun.org\/sitio\/proyecto\/1_20240323_174004_0000\/\" data-orig-file=\"https:\/\/i0.wp.com\/cuidadoresdelacasacomun.org\/sitio\/wp-content\/uploads\/2018\/09\/1_20240323_174004_0000.png?fit=773%2C509&amp;ssl=1\" data-orig-size=\"773,509\" data-comments-opened=\"0\" data-image-meta=\"{&quot;aperture&quot;:&quot;0&quot;,&quot;credit&quot;:&quot;&quot;,&quot;camera&quot;:&quot;&quot;,&quot;caption&quot;:&quot;&quot;,&quot;created_timestamp&quot;:&quot;0&quot;,&quot;copyright&quot;:&quot;&quot;,&quot;focal_length&quot;:&quot;0&quot;,&quot;iso&quot;:&quot;0&quot;,&quot;shutter_speed&quot;:&quot;0&quot;,&quot;title&quot;:&quot;&quot;,&quot;orientation&quot;:&quot;0&quot;}\" data-image-title=\"1_20240323_174004_0000\" data-image-description=\"\" data-image-caption=\"\" data-large-file=\"https:\/\/i0.wp.com\/cuidadoresdelacasacomun.org\/sitio\/wp-content\/uploads\/2018\/09\/1_20240323_174004_0000.png?fit=773%2C509&amp;ssl=1\" width=\"773\" height=\"509\" src=\"https:\/\/i0.wp.com\/cuidadoresdelacasacomun.org\/sitio\/wp-content\/uploads\/2018\/09\/1_20240323_174004_0000.png?fit=773%2C509&amp;ssl=1\" class=\"attachment-full size-full wp-image-2697\" alt=\"\" srcset=\"https:\/\/i0.wp.com\/cuidadoresdelacasacomun.org\/sitio\/wp-content\/uploads\/2018\/09\/1_20240323_174004_0000.png?w=773&amp;ssl=1 773w, https:\/\/i0.wp.com\/cuidadoresdelacasacomun.org\/sitio\/wp-content\/uploads\/2018\/09\/1_20240323_174004_0000.png?resize=300%2C198&amp;ssl=1 300w, https:\/\/i0.wp.com\/cuidadoresdelacasacomun.org\/sitio\/wp-content\/uploads\/2018\/09\/1_20240323_174004_0000.png?resize=768%2C506&amp;ssl=1 768w\" sizes=\"(max-width: 773px) 100vw, 773px\" data-attachment-id=\"2697\" data-permalink=\"https:\/\/cuidadoresdelacasacomun.org\/sitio\/proyecto\/1_20240323_174004_0000\/\" data-orig-file=\"https:\/\/i0.wp.com\/cuidadoresdelacasacomun.org\/sitio\/wp-content\/uploads\/2018\/09\/1_20240323_174004_0000.png?fit=773%2C509&amp;ssl=1\" data-orig-size=\"773,509\" data-comments-opened=\"0\" data-image-meta=\"{&quot;aperture&quot;:&quot;0&quot;,&quot;credit&quot;:&quot;&quot;,&quot;camera&quot;:&quot;&quot;,&quot;caption&quot;:&quot;&quot;,&quot;created_timestamp&quot;:&quot;0&quot;,&quot;copyright&quot;:&quot;&quot;,&quot;focal_length&quot;:&quot;0&quot;,&quot;iso&quot;:&quot;0&quot;,&quot;shutter_speed&quot;:&quot;0&quot;,&quot;title&quot;:&quot;&quot;,&quot;orientation&quot;:&quot;0&quot;}\" data-image-title=\"1_20240323_174004_0000\" data-image-description=\"\" data-image-caption=\"\" data-large-file=\"https:\/\/i0.wp.com\/cuidadoresdelacasacomun.org\/sitio\/wp-content\/uploads\/2018\/09\/1_20240323_174004_0000.png?fit=773%2C509&amp;ssl=1\" \/>\t\t\t\t\t\t\t\t\t\t\t\t\t\t\t<\/div>\n\t\t\t\t<\/div>\n\t\t\t\t\t<\/div>\n\t\t<\/div>\n\t\t\t\t\t<\/div>\n\t\t<\/section>\n\t\t\t\t<section class=\"elementor-section elementor-top-section elementor-element elementor-element-e3c8548 elementor-section-content-middle elementor-section-stretched elementor-section-boxed elementor-section-height-default elementor-section-height-default\" data-id=\"e3c8548\" data-element_type=\"section\" data-e-type=\"section\" data-settings=\"{&quot;stretch_section&quot;:&quot;section-stretched&quot;}\">\n\t\t\t\t\t\t<div class=\"elementor-container elementor-column-gap-no\">\n\t\t\t\t\t<div class=\"elementor-column elementor-col-50 elementor-top-column elementor-element elementor-element-5978101\" data-id=\"5978101\" data-element_type=\"column\" data-e-type=\"column\">\n\t\t\t<div class=\"elementor-widget-wrap elementor-element-populated\">\n\t\t\t\t\t\t<div class=\"elementor-element elementor-element-c3d524f elementor-widget elementor-widget-image\" data-id=\"c3d524f\" data-element_type=\"widget\" data-e-type=\"widget\" data-widget_type=\"image.default\">\n\t\t\t\t<div class=\"elementor-widget-container\">\n\t\t\t\t\t\t\t\t\t\t\t\t\t\t\t<img decoding=\"async\" data-attachment-id=\"2700\" data-permalink=\"https:\/\/cuidadoresdelacasacomun.org\/sitio\/proyecto\/5_20240323_174005_0004\/\" data-orig-file=\"https:\/\/i0.wp.com\/cuidadoresdelacasacomun.org\/sitio\/wp-content\/uploads\/2018\/09\/5_20240323_174005_0004.png?fit=773%2C509&amp;ssl=1\" data-orig-size=\"773,509\" data-comments-opened=\"0\" data-image-meta=\"{&quot;aperture&quot;:&quot;0&quot;,&quot;credit&quot;:&quot;&quot;,&quot;camera&quot;:&quot;&quot;,&quot;caption&quot;:&quot;&quot;,&quot;created_timestamp&quot;:&quot;0&quot;,&quot;copyright&quot;:&quot;&quot;,&quot;focal_length&quot;:&quot;0&quot;,&quot;iso&quot;:&quot;0&quot;,&quot;shutter_speed&quot;:&quot;0&quot;,&quot;title&quot;:&quot;&quot;,&quot;orientation&quot;:&quot;0&quot;}\" data-image-title=\"5_20240323_174005_0004\" data-image-description=\"\" data-image-caption=\"\" data-large-file=\"https:\/\/i0.wp.com\/cuidadoresdelacasacomun.org\/sitio\/wp-content\/uploads\/2018\/09\/5_20240323_174005_0004.png?fit=773%2C509&amp;ssl=1\" width=\"773\" height=\"509\" src=\"https:\/\/i0.wp.com\/cuidadoresdelacasacomun.org\/sitio\/wp-content\/uploads\/2018\/09\/5_20240323_174005_0004.png?fit=773%2C509&amp;ssl=1\" class=\"attachment-full size-full wp-image-2700\" alt=\"\" srcset=\"https:\/\/i0.wp.com\/cuidadoresdelacasacomun.org\/sitio\/wp-content\/uploads\/2018\/09\/5_20240323_174005_0004.png?w=773&amp;ssl=1 773w, https:\/\/i0.wp.com\/cuidadoresdelacasacomun.org\/sitio\/wp-content\/uploads\/2018\/09\/5_20240323_174005_0004.png?resize=300%2C198&amp;ssl=1 300w, https:\/\/i0.wp.com\/cuidadoresdelacasacomun.org\/sitio\/wp-content\/uploads\/2018\/09\/5_20240323_174005_0004.png?resize=768%2C506&amp;ssl=1 768w\" sizes=\"(max-width: 773px) 100vw, 773px\" data-attachment-id=\"2700\" data-permalink=\"https:\/\/cuidadoresdelacasacomun.org\/sitio\/proyecto\/5_20240323_174005_0004\/\" data-orig-file=\"https:\/\/i0.wp.com\/cuidadoresdelacasacomun.org\/sitio\/wp-content\/uploads\/2018\/09\/5_20240323_174005_0004.png?fit=773%2C509&amp;ssl=1\" data-orig-size=\"773,509\" data-comments-opened=\"0\" data-image-meta=\"{&quot;aperture&quot;:&quot;0&quot;,&quot;credit&quot;:&quot;&quot;,&quot;camera&quot;:&quot;&quot;,&quot;caption&quot;:&quot;&quot;,&quot;created_timestamp&quot;:&quot;0&quot;,&quot;copyright&quot;:&quot;&quot;,&quot;focal_length&quot;:&quot;0&quot;,&quot;iso&quot;:&quot;0&quot;,&quot;shutter_speed&quot;:&quot;0&quot;,&quot;title&quot;:&quot;&quot;,&quot;orientation&quot;:&quot;0&quot;}\" data-image-title=\"5_20240323_174005_0004\" data-image-description=\"\" data-image-caption=\"\" data-large-file=\"https:\/\/i0.wp.com\/cuidadoresdelacasacomun.org\/sitio\/wp-content\/uploads\/2018\/09\/5_20240323_174005_0004.png?fit=773%2C509&amp;ssl=1\" \/>\t\t\t\t\t\t\t\t\t\t\t\t\t\t\t<\/div>\n\t\t\t\t<\/div>\n\t\t\t\t\t<\/div>\n\t\t<\/div>\n\t\t\t\t<div class=\"elementor-column elementor-col-50 elementor-top-column elementor-element elementor-element-2040897\" data-id=\"2040897\" data-element_type=\"column\" data-e-type=\"column\">\n\t\t\t<div class=\"elementor-widget-wrap elementor-element-populated\">\n\t\t\t\t\t\t<div class=\"elementor-element elementor-element-01e151c elementor-widget elementor-widget-spacer\" data-id=\"01e151c\" data-element_type=\"widget\" data-e-type=\"widget\" data-widget_type=\"spacer.default\">\n\t\t\t\t<div class=\"elementor-widget-container\">\n\t\t\t\t\t\t\t<div class=\"elementor-spacer\">\n\t\t\t<div class=\"elementor-spacer-inner\"><\/div>\n\t\t<\/div>\n\t\t\t\t\t\t<\/div>\n\t\t\t\t<\/div>\n\t\t\t\t<div class=\"elementor-element elementor-element-7a915f5 elementor-widget elementor-widget-heading\" data-id=\"7a915f5\" data-element_type=\"widget\" data-e-type=\"widget\" data-widget_type=\"heading.default\">\n\t\t\t\t<div class=\"elementor-widget-container\">\n\t\t\t\t\t<h5 class=\"elementor-heading-title elementor-size-default\">TRABAJO + ESPIRITUALIDAD = REVOLUCI\u00d3N<\/h5>\t\t\t\t<\/div>\n\t\t\t\t<\/div>\n\t\t\t\t<div class=\"elementor-element elementor-element-8070074 elementor-widget elementor-widget-text-editor\" data-id=\"8070074\" data-element_type=\"widget\" data-e-type=\"widget\" data-widget_type=\"text-editor.default\">\n\t\t\t\t<div class=\"elementor-widget-container\">\n\t\t\t\t\t\t\t\t\t<p style=\"font-size: 22px; text-align: left;\"><span style=\"color: #333333;\"><span style=\"font-weight: 400; font-style: normal; font-size: 22px; background-color: var( --e-global-color-astglobalcolor4 );\">Desarrollamos l\u00edneas novedosas<\/span><span style=\"font-weight: 400; font-size: 22px; background-color: var( --e-global-color-astglobalcolor4 );\"><i> de trabajo: Trabajo con la tierra; Construcci\u00f3n Sustentable; Turismo Comunitario, Textiles; Reciclado; Gastronom\u00eda.<\/i><\/span><span style=\"font-weight: 400; font-style: normal; font-size: 22px; background-color: var( --e-global-color-astglobalcolor4 );\"> Apostamos a la <\/span><span style=\"font-size: 22px; background-color: var( --e-global-color-astglobalcolor4 );\"><i><b>conversi\u00f3n ecol\u00f3gica y comunitaria<\/b><\/i><\/span><span style=\"font-weight: 400; font-style: normal; font-size: 22px; background-color: var( --e-global-color-astglobalcolor4 );\"> a la que nos convoca Francisco. Disputamos el sentido a la cultura del mercado desde el ejercicio de la fraternidad, la solidaridad, el cuidado. Lo hacemos<\/span><span style=\"font-weight: 400; font-style: normal; background-color: var( --e-global-color-astglobalcolor4 ); font-size: 22px;\">\u00a0desde la concepci\u00f3n de la educaci\u00f3n popular, la econom\u00eda social, promoviendo este nuevo paradigma y haciendo hincapi\u00e9 en el cuidado de las personas y del barrio como primer escenario donde se manifiesta la Casa Com\u00fan.\u00a0<\/span><span style=\"background-color: var( --e-global-color-astglobalcolor4 ); font-size: 22px; font-style: normal; font-weight: 400;\">En eso estamos&#8230;<\/span><\/span><\/p><p style=\"font-size: 22px; font-style: normal; text-align: center;\">\u00a0<\/p>\t\t\t\t\t\t\t\t<\/div>\n\t\t\t\t<\/div>\n\t\t\t\t\t<\/div>\n\t\t<\/div>\n\t\t\t\t\t<\/div>\n\t\t<\/section>\n\t\t\t\t<section class=\"elementor-section elementor-top-section elementor-element elementor-element-d457f30 elementor-section-content-middle elementor-reverse-mobile elementor-section-stretched elementor-section-boxed elementor-section-height-default elementor-section-height-default\" data-id=\"d457f30\" data-element_type=\"section\" data-e-type=\"section\" data-settings=\"{&quot;stretch_section&quot;:&quot;section-stretched&quot;}\">\n\t\t\t\t\t\t<div class=\"elementor-container elementor-column-gap-no\">\n\t\t\t\t\t<div class=\"elementor-column elementor-col-50 elementor-top-column elementor-element elementor-element-9abf0af\" data-id=\"9abf0af\" data-element_type=\"column\" data-e-type=\"column\">\n\t\t\t<div class=\"elementor-widget-wrap elementor-element-populated\">\n\t\t\t\t\t\t<div class=\"elementor-element elementor-element-a869b8d elementor-widget elementor-widget-heading\" data-id=\"a869b8d\" data-element_type=\"widget\" data-e-type=\"widget\" data-widget_type=\"heading.default\">\n\t\t\t\t<div class=\"elementor-widget-container\">\n\t\t\t\t\t<h4 class=\"elementor-heading-title elementor-size-default\">Historia<\/h4>\t\t\t\t<\/div>\n\t\t\t\t<\/div>\n\t\t\t\t<div class=\"elementor-element elementor-element-b93c09e elementor-widget elementor-widget-text-editor\" data-id=\"b93c09e\" data-element_type=\"widget\" data-e-type=\"widget\" data-widget_type=\"text-editor.default\">\n\t\t\t\t<div class=\"elementor-widget-container\">\n\t\t\t\t\t\t\t\t\t<p style=\"font-size: 22px; text-align: left;\">Este sue\u00f1o comenz\u00f3 a gestarse en Septiembre de 2015, cuando la Enc\u00edclica Laudato Si ten\u00eda apenas cuatro meses de vida. La conocimos a trav\u00e9s del Obispo de Lomas de Zamora, Monse\u00f1or Jorge Lugones, quien nos la comparti\u00f3 en un encuentro llevado a cabo en la Parroquia Cristo Rey de la Ciudad de La Plata junto al Padre Rub\u00e9n Marchiodi.&nbsp;<span style=\"font-style: normal; font-size: 22px; background-color: var( --e-global-color-astglobalcolor4 );\">La carta llegaba a nuestras comunidades \u00bf<\/span><span style=\"font-size: 22px; background-color: var( --e-global-color-astglobalcolor4 );\"><i>Qu\u00e9 nos dec\u00eda?<\/i><\/span><span style=\"font-style: normal; font-size: 22px; background-color: var( --e-global-color-astglobalcolor4 );\"> Probablemente el hecho de estar inspirada en San Francisco de As\u00eds fue lo primero que nos toc\u00f3 el alma. Fuertes opciones que hicimos en nuestra juventud lo tuvieron como modelo y gu\u00eda. Pero tambi\u00e9n, y con la misma fuerza, nos lleg\u00f3 el contenido social y pol\u00edtico de esta carta. <b>Le\u00edmos la carta y nos conmovimos.<\/b> Enseguida empezamos a&nbsp; conversar c\u00f3mo dar vida a este proyecto. Las primeras ruedas de conversaci\u00f3n fueron entre Marcelo Vernet, Sonia Herrera, Clara Vernet y Martha Arriola. Podriamos decir que ah\u00ed se inici\u00f3 el fuego de la pasi\u00f3n por este nuevo desaf\u00edo. Y ah\u00ed nom\u00e1s pensar el nombre. Y paso seguido a armar un borrador para presentar a Jorge Lugones, padrino del proyecto. Luego, Coordinador a nivel nacional. Todo fue tan intenso y vertiginoso, tan apasionado como s\u00f3lo nos sale cuando act\u00faa el esp\u00edritu, cuando el proyecto contiene en s\u00ed la esperanza de m\u00e1s justicia para quienes sufren m\u00e1s la discriminaci\u00f3n y la falta de horizontes. Desde noviembre de ese a\u00f1o, no paramos.<\/span><\/p>\t\t\t\t\t\t\t\t<\/div>\n\t\t\t\t<\/div>\n\t\t\t\t\t<\/div>\n\t\t<\/div>\n\t\t\t\t<div class=\"elementor-column elementor-col-50 elementor-top-column elementor-element elementor-element-e2342b8\" data-id=\"e2342b8\" data-element_type=\"column\" data-e-type=\"column\">\n\t\t\t<div class=\"elementor-widget-wrap elementor-element-populated\">\n\t\t\t\t\t\t<div class=\"elementor-element elementor-element-195a508 elementor-widget elementor-widget-image\" data-id=\"195a508\" data-element_type=\"widget\" data-e-type=\"widget\" data-widget_type=\"image.default\">\n\t\t\t\t<div class=\"elementor-widget-container\">\n\t\t\t\t\t\t\t\t\t\t\t\t\t\t\t<img loading=\"lazy\" decoding=\"async\" data-attachment-id=\"2344\" data-permalink=\"https:\/\/cuidadoresdelacasacomun.org\/sitio\/elementor-734\/img_50161\/\" data-orig-file=\"https:\/\/i0.wp.com\/cuidadoresdelacasacomun.org\/sitio\/wp-content\/uploads\/2024\/03\/IMG_50161-scaled.jpg?fit=1707%2C2560&amp;ssl=1\" data-orig-size=\"1707,2560\" data-comments-opened=\"0\" data-image-meta=\"{&quot;aperture&quot;:&quot;5.6&quot;,&quot;credit&quot;:&quot;&quot;,&quot;camera&quot;:&quot;Canon EOS Rebel T100&quot;,&quot;caption&quot;:&quot;&quot;,&quot;created_timestamp&quot;:&quot;1695924450&quot;,&quot;copyright&quot;:&quot;&quot;,&quot;focal_length&quot;:&quot;47&quot;,&quot;iso&quot;:&quot;100&quot;,&quot;shutter_speed&quot;:&quot;0.01&quot;,&quot;title&quot;:&quot;&quot;,&quot;orientation&quot;:&quot;0&quot;}\" data-image-title=\"IMG_5016[1]\" data-image-description=\"\" data-image-caption=\"\" data-large-file=\"https:\/\/i0.wp.com\/cuidadoresdelacasacomun.org\/sitio\/wp-content\/uploads\/2024\/03\/IMG_50161-scaled.jpg?fit=683%2C1024&amp;ssl=1\" width=\"1707\" height=\"2560\" src=\"https:\/\/i0.wp.com\/cuidadoresdelacasacomun.org\/sitio\/wp-content\/uploads\/2024\/03\/IMG_50161-scaled.jpg?fit=1707%2C2560&amp;ssl=1\" class=\"attachment-full size-full wp-image-2344\" alt=\"\" srcset=\"https:\/\/i0.wp.com\/cuidadoresdelacasacomun.org\/sitio\/wp-content\/uploads\/2024\/03\/IMG_50161-scaled.jpg?w=1707&amp;ssl=1 1707w, https:\/\/i0.wp.com\/cuidadoresdelacasacomun.org\/sitio\/wp-content\/uploads\/2024\/03\/IMG_50161-scaled.jpg?resize=200%2C300&amp;ssl=1 200w, https:\/\/i0.wp.com\/cuidadoresdelacasacomun.org\/sitio\/wp-content\/uploads\/2024\/03\/IMG_50161-scaled.jpg?resize=683%2C1024&amp;ssl=1 683w, https:\/\/i0.wp.com\/cuidadoresdelacasacomun.org\/sitio\/wp-content\/uploads\/2024\/03\/IMG_50161-scaled.jpg?resize=768%2C1152&amp;ssl=1 768w, https:\/\/i0.wp.com\/cuidadoresdelacasacomun.org\/sitio\/wp-content\/uploads\/2024\/03\/IMG_50161-scaled.jpg?resize=1024%2C1536&amp;ssl=1 1024w, https:\/\/i0.wp.com\/cuidadoresdelacasacomun.org\/sitio\/wp-content\/uploads\/2024\/03\/IMG_50161-scaled.jpg?resize=1365%2C2048&amp;ssl=1 1365w\" sizes=\"(max-width: 980px) 100vw, 980px\" data-attachment-id=\"2344\" data-permalink=\"https:\/\/cuidadoresdelacasacomun.org\/sitio\/elementor-734\/img_50161\/\" data-orig-file=\"https:\/\/i0.wp.com\/cuidadoresdelacasacomun.org\/sitio\/wp-content\/uploads\/2024\/03\/IMG_50161-scaled.jpg?fit=1707%2C2560&amp;ssl=1\" data-orig-size=\"1707,2560\" data-comments-opened=\"0\" data-image-meta=\"{&quot;aperture&quot;:&quot;5.6&quot;,&quot;credit&quot;:&quot;&quot;,&quot;camera&quot;:&quot;Canon EOS Rebel T100&quot;,&quot;caption&quot;:&quot;&quot;,&quot;created_timestamp&quot;:&quot;1695924450&quot;,&quot;copyright&quot;:&quot;&quot;,&quot;focal_length&quot;:&quot;47&quot;,&quot;iso&quot;:&quot;100&quot;,&quot;shutter_speed&quot;:&quot;0.01&quot;,&quot;title&quot;:&quot;&quot;,&quot;orientation&quot;:&quot;0&quot;}\" data-image-title=\"IMG_5016[1]\" data-image-description=\"\" data-image-caption=\"\" data-large-file=\"https:\/\/i0.wp.com\/cuidadoresdelacasacomun.org\/sitio\/wp-content\/uploads\/2024\/03\/IMG_50161-scaled.jpg?fit=683%2C1024&amp;ssl=1\" \/>\t\t\t\t\t\t\t\t\t\t\t\t\t\t\t<\/div>\n\t\t\t\t<\/div>\n\t\t\t\t\t<\/div>\n\t\t<\/div>\n\t\t\t\t\t<\/div>\n\t\t<\/section>\n\t\t\t\t<\/div>\n\t\t","protected":false},"excerpt":{"rendered":"<p>Cuidadores de la Casa Com\u00fan nace en Argentina a finales de 2015 en respuesta a la&nbsp;Carta Enc\u00edclica&nbsp;Laudato Si&nbsp;del Papa Francisco. Somos una red de organizaciones sociales y comunitarias con el objetivo de generar nuevas condiciones de integraci\u00f3n para j\u00f3venes de barriadas populares a trav\u00e9s de la formaci\u00f3n y la generaci\u00f3n de oportunidades de trabajo digno [&hellip;]<\/p>\n","protected":false},"author":1,"featured_media":0,"comment_status":"closed","ping_status":"open","sticky":false,"template":"","format":"standard","meta":{"_monsterinsights_skip_tracking":false,"_monsterinsights_sitenote_active":false,"_monsterinsights_sitenote_note":"","_monsterinsights_sitenote_category":0,"site-sidebar-layout":"default","site-content-layout":"","ast-site-content-layout":"default","site-content-style":"default","site-sidebar-style":"default","ast-global-header-display":"","ast-banner-title-visibility":"","ast-main-header-display":"","ast-hfb-above-header-display":"","ast-hfb-below-header-display":"","ast-hfb-mobile-header-display":"","site-post-title":"","ast-breadcrumbs-content":"","ast-featured-img":"","footer-sml-layout":"","ast-disable-related-posts":"","theme-transparent-header-meta":"","adv-header-id-meta":"","stick-header-meta":"","header-above-stick-meta":"","header-main-stick-meta":"","header-below-stick-meta":"","astra-migrate-meta-layouts":"default","ast-page-background-enabled":"default","ast-page-background-meta":{"desktop":{"background-color":"","background-image":"","background-repeat":"repeat","background-position":"center center","background-size":"auto","background-attachment":"scroll","background-type":"","background-media":"","overlay-type":"","overlay-color":"","overlay-opacity":"","overlay-gradient":""},"tablet":{"background-color":"","background-image":"","background-repeat":"repeat","background-position":"center center","background-size":"auto","background-attachment":"scroll","background-type":"","background-media":"","overlay-type":"","overlay-color":"","overlay-opacity":"","overlay-gradient":""},"mobile":{"background-color":"","background-image":"","background-repeat":"repeat","background-position":"center center","background-size":"auto","background-attachment":"scroll","background-type":"","background-media":"","overlay-type":"","overlay-color":"","overlay-opacity":"","overlay-gradient":""}},"ast-content-background-meta":{"desktop":{"background-color":"var(--ast-global-color-5)","background-image":"","background-repeat":"repeat","background-position":"center center","background-size":"auto","background-attachment":"scroll","background-type":"","background-media":"","overlay-type":"","overlay-color":"","overlay-opacity":"","overlay-gradient":""},"tablet":{"background-color":"var(--ast-global-color-5)","background-image":"","background-repeat":"repeat","background-position":"center center","background-size":"auto","background-attachment":"scroll","background-type":"","background-media":"","overlay-type":"","overlay-color":"","overlay-opacity":"","overlay-gradient":""},"mobile":{"background-color":"var(--ast-global-color-5)","background-image":"","background-repeat":"repeat","background-position":"center center","background-size":"auto","background-attachment":"scroll","background-type":"","background-media":"","overlay-type":"","overlay-color":"","overlay-opacity":"","overlay-gradient":""}},"jetpack_post_was_ever_published":false,"_jetpack_newsletter_access":"","_jetpack_dont_email_post_to_subs":false,"_jetpack_newsletter_tier_id":0,"_jetpack_memberships_contains_paywalled_content":false,"_jetpack_memberships_contains_paid_content":false,"footnotes":"","jetpack_publicize_message":"","jetpack_publicize_feature_enabled":true,"jetpack_social_post_already_shared":false,"jetpack_social_options":{"image_generator_settings":{"template":"highway","default_image_id":0,"font":"","enabled":false},"version":2}},"categories":[1],"tags":[],"class_list":["post-35","post","type-post","status-publish","format-standard","hentry","category-cuidadores"],"jetpack_publicize_connections":[],"jetpack_featured_media_url":"","jetpack_sharing_enabled":true,"jetpack_shortlink":"https:\/\/wp.me\/saqpSn-proyecto","jetpack_likes_enabled":false,"_links":{"self":[{"href":"https:\/\/cuidadoresdelacasacomun.org\/sitio\/wp-json\/wp\/v2\/posts\/35","targetHints":{"allow":["GET"]}}],"collection":[{"href":"https:\/\/cuidadoresdelacasacomun.org\/sitio\/wp-json\/wp\/v2\/posts"}],"about":[{"href":"https:\/\/cuidadoresdelacasacomun.org\/sitio\/wp-json\/wp\/v2\/types\/post"}],"author":[{"embeddable":true,"href":"https:\/\/cuidadoresdelacasacomun.org\/sitio\/wp-json\/wp\/v2\/users\/1"}],"replies":[{"embeddable":true,"href":"https:\/\/cuidadoresdelacasacomun.org\/sitio\/wp-json\/wp\/v2\/comments?post=35"}],"version-history":[{"count":43,"href":"https:\/\/cuidadoresdelacasacomun.org\/sitio\/wp-json\/wp\/v2\/posts\/35\/revisions"}],"predecessor-version":[{"id":2864,"href":"https:\/\/cuidadoresdelacasacomun.org\/sitio\/wp-json\/wp\/v2\/posts\/35\/revisions\/2864"}],"wp:attachment":[{"href":"https:\/\/cuidadoresdelacasacomun.org\/sitio\/wp-json\/wp\/v2\/media?parent=35"}],"wp:term":[{"taxonomy":"category","embeddable":true,"href":"https:\/\/cuidadoresdelacasacomun.org\/sitio\/wp-json\/wp\/v2\/categories?post=35"},{"taxonomy":"post_tag","embeddable":true,"href":"https:\/\/cuidadoresdelacasacomun.org\/sitio\/wp-json\/wp\/v2\/tags?post=35"}],"curies":[{"name":"wp","href":"https:\/\/api.w.org\/{rel}","templated":true}]}}